{"id":5814,"date":"2026-04-28T13:52:52","date_gmt":"2026-04-28T16:52:52","guid":{"rendered":"https:\/\/www.trabajando.cl\/blog\/?p=5814"},"modified":"2026-04-28T13:52:59","modified_gmt":"2026-04-28T16:52:59","slug":"42-horas-productividad-y-tecnologia-laboral","status":"publish","type":"post","link":"https:\/\/www.trabajando.cl\/blog\/42-horas-productividad-y-tecnologia-laboral\/","title":{"rendered":"42 horas, productividad y tecnolog\u00eda laboral"},"content":{"rendered":"\n<p>La implementaci\u00f3n de las 42 horas, la productividad y la tecnolog\u00eda laboral est\u00e1n redefiniendo el mercado laboral chileno. Este cambio no solo reduce la jornada, sino que obliga a repensar c\u00f3mo trabajamos, c\u00f3mo medimos resultados y c\u00f3mo usamos la tecnolog\u00eda.<\/p>\n\n\n\n<p>Para entender este escenario, revisamos la entrevista con Mar\u00eda Jes\u00fas Garc\u00eda Huidobro de Trabajando.com.<\/p>\n\n\n\n<p>Escucha la entrevista completa \ud83d\udc47<\/p>\n\n\n\n<h3 class=\"wp-block-heading\">42 horas: un cambio cultural (y operativo)<\/h3>\n\n\n\n<p>La reducci\u00f3n de jornada implica m\u00e1s que menos horas: requiere transformar la cultura interna y la forma en que operan las empresas.<\/p>\n\n\n\n<p>\u201cTodos los grandes cambios implican movilizar la cultura interna\u201d.<\/p>\n\n\n\n<p>Adem\u00e1s, su implementaci\u00f3n no ser\u00e1 igual para todos. Industrias como el retail, por ejemplo, deber\u00e1n adaptarse con nuevos turnos y ajustes operativos, mientras que el proceso ser\u00e1 gradual y acompa\u00f1ado de fiscalizaci\u00f3n.<\/p>\n\n\n\n<p>Desde el lado de las personas, el cambio es claro: una mayor conciliaci\u00f3n entre vida laboral y personal, una demanda transversal hoy en el mercado.<\/p>\n\n\n\n<hr class=\"wp-block-separator has-alpha-channel-opacity\"\/>\n\n\n\n<h3 class=\"wp-block-heading\">Productividad: hacer m\u00e1s en menos tiempo<\/h3>\n\n\n\n<p>El desaf\u00edo es evidente: aumentar la eficiencia con menos horas, especialmente en un pa\u00eds que hist\u00f3ricamente enfrenta brechas de productividad.<\/p>\n\n\n\n<p>\u201cCuando se reducen las horas, el desaf\u00edo de la productividad se hace m\u00e1s grande\u201d.<\/p>\n\n\n\n<p>Esto exige:<\/p>\n\n\n\n<ul>\n<li>Objetivos claros<\/li>\n\n\n\n<li>Evaluaci\u00f3n por desempe\u00f1o<\/li>\n\n\n\n<li>Cultura enfocada en resultados<\/li>\n<\/ul>\n\n\n\n<p>Pero tambi\u00e9n requiere avanzar en algo m\u00e1s profundo: pasar de una cultura de control a una de responsabilidad y autonom\u00eda, donde cada rol entienda su impacto dentro del sistema.<\/p>\n\n\n\n<hr class=\"wp-block-separator has-alpha-channel-opacity\"\/>\n\n\n\n<h3 class=\"wp-block-heading\">Tecnolog\u00eda: el acelerador del cambio<\/h3>\n\n\n\n<p>La tecnolog\u00eda \u2014especialmente la inteligencia artificial\u2014 permite hacer en minutos tareas que antes tomaban horas.<\/p>\n\n\n\n<p>\u201cLa tecnolog\u00eda no reemplaza el pensamiento cr\u00edtico ni la capacidad de resolver problemas complejos\u201d.<\/p>\n\n\n\n<p>El foco cambia: menos tareas operativas, m\u00e1s aporte estrat\u00e9gico. La IA se posiciona como un asistente que potencia el trabajo, no como un reemplazo total.<\/p>\n\n\n\n<hr class=\"wp-block-separator has-alpha-channel-opacity\"\/>\n\n\n\n<h3 class=\"wp-block-heading\">Cambio cultural, di\u00e1logo y formaci\u00f3n continua<\/h3>\n\n\n\n<p>M\u00e1s all\u00e1 de la ley, el reto es cultural y colaborativo.<\/p>\n\n\n\n<p>La implementaci\u00f3n tambi\u00e9n abre espacios de di\u00e1logo entre empresas y trabajadores, donde los acuerdos ser\u00e1n clave para una transici\u00f3n efectiva.<\/p>\n\n\n\n<p>En este contexto, se vuelve fundamental:<\/p>\n\n\n\n<ul>\n<li>Autonom\u00eda en los equipos<\/li>\n\n\n\n<li>Responsabilidad individual<\/li>\n\n\n\n<li>Capacitaci\u00f3n constante<\/li>\n<\/ul>\n\n\n\n<p>Hoy, el aprendizaje continuo ya no es opcional: es parte del trabajo.<\/p>\n\n\n\n<hr class=\"wp-block-separator has-alpha-channel-opacity\"\/>\n\n\n\n<h3 class=\"wp-block-heading\">Un mercado laboral en transformaci\u00f3n<\/h3>\n\n\n\n<p>Chile enfrenta una transformaci\u00f3n donde convergen:<\/p>\n\n\n\n<ul>\n<li>Reducci\u00f3n de jornada<\/li>\n\n\n\n<li>Desaf\u00edos de productividad<\/li>\n\n\n\n<li>Avance tecnol\u00f3gico<\/li>\n\n\n\n<li>Necesidad de articulaci\u00f3n entre empresas, personas y educaci\u00f3n<\/li>\n<\/ul>\n\n\n\n<p>Las 42 horas no son solo una ley, sino un cambio profundo en la forma de trabajar.<\/p>\n\n\n\n<hr class=\"wp-block-separator has-alpha-channel-opacity\"\/>\n\n\n\n<p>Crea tu cuenta en Trabajando.com, actualiza tu CV y prep\u00e1rate para adaptarte a un mercado laboral donde la productividad, la tecnolog\u00eda y la evoluci\u00f3n constante marcan la diferencia. Mientras m\u00e1s actualizado est\u00e9s y mejor aproveches estas nuevas herramientas, mayores ser\u00e1n tus oportunidades de encontrar y mantener el trabajo que buscas.<\/p>\n\n\n\n<hr class=\"wp-block-separator has-alpha-channel-opacity\"\/>\n\n\n\n<figure class=\"wp-block-image size-full is-resized\"><a href=\"https:\/\/bit.ly\/3VbnYIn\"><img decoding=\"async\" loading=\"lazy\" src=\"https:\/\/www.trabajando.cl\/blog\/wp-content\/uploads\/2024\/12\/Banner-CTA-blog.png\" alt=\"\" class=\"wp-image-5572\" width=\"840\" height=\"128\" srcset=\"https:\/\/www.trabajando.cl\/blog\/wp-content\/uploads\/2024\/12\/Banner-CTA-blog.png 980w, https:\/\/www.trabajando.cl\/blog\/wp-content\/uploads\/2024\/12\/Banner-CTA-blog-300x46.png 300w, https:\/\/www.trabajando.cl\/blog\/wp-content\/uploads\/2024\/12\/Banner-CTA-blog-768x118.png 768w\" sizes=\"(max-width: 840px) 100vw, 840px\" \/><\/a><\/figure>\n\n\n\n<hr class=\"wp-block-separator has-alpha-channel-opacity\"\/>\n","protected":false},"excerpt":{"rendered":"<p>42 horas en Chile: impacto en productividad, tecnolog\u00eda y cultura laboral. Claves del nuevo escenario del mercado laboral.<\/p>\n","protected":false},"author":22,"featured_media":5816,"comment_status":"closed","ping_status":"closed","sticky":true,"template":"","format":"standard","meta":{"inline_featured_image":false},"categories":[2],"tags":[145,109],"yoast_head":"<!-- This site is optimized with the Yoast SEO plugin v20.5 - https:\/\/yoast.com\/wordpress\/plugins\/seo\/ -->\n<title>42 horas, productividad y tecnolog\u00eda laboral - Blog Trabajando.com<\/title>\n<meta name=\"description\" content=\"42 horas en Chile: impacto en productividad, tecnolog\u00eda y cultura laboral. Claves del nuevo escenario del mercado laboral.\" \/>\n<meta name=\"robots\" content=\"index, follow, max-snippet:-1, max-image-preview:large, max-video-preview:-1\" \/>\n<link rel=\"canonical\" href=\"https:\/\/www.trabajando.cl\/blog\/42-horas-productividad-y-tecnologia-laboral\/\" \/>\n<meta property=\"og:locale\" content=\"es_ES\" \/>\n<meta property=\"og:type\" content=\"article\" \/>\n<meta property=\"og:title\" content=\"42 horas, productividad y tecnolog\u00eda laboral - Blog Trabajando.com\" \/>\n<meta property=\"og:description\" content=\"42 horas en Chile: impacto en productividad, tecnolog\u00eda y cultura laboral. Claves del nuevo escenario del mercado laboral.\" \/>\n<meta property=\"og:url\" content=\"https:\/\/www.trabajando.cl\/blog\/42-horas-productividad-y-tecnologia-laboral\/\" \/>\n<meta property=\"og:site_name\" content=\"Blog Trabajando.com\" \/>\n<meta property=\"article:published_time\" content=\"2026-04-28T16:52:52+00:00\" \/>\n<meta property=\"article:modified_time\" content=\"2026-04-28T16:52:59+00:00\" \/>\n<meta property=\"og:image\" content=\"https:\/\/www.trabajando.cl\/blog\/wp-content\/uploads\/2026\/04\/42-horas-productividad-y-tecnologia-laboral.png\" \/>\n\t<meta property=\"og:image:width\" content=\"1200\" \/>\n\t<meta property=\"og:image:height\" content=\"600\" \/>\n\t<meta property=\"og:image:type\" content=\"image\/png\" \/>\n<meta name=\"author\" content=\"appuser\" \/>\n<meta name=\"twitter:card\" content=\"summary_large_image\" \/>\n<meta name=\"twitter:label1\" content=\"Escrito por\" \/>\n\t<meta name=\"twitter:data1\" content=\"appuser\" \/>\n\t<meta name=\"twitter:label2\" content=\"Tiempo de lectura\" \/>\n\t<meta name=\"twitter:data2\" content=\"3 minutos\" \/>\n<script type=\"application\/ld+json\" class=\"yoast-schema-graph\">{\"@context\":\"https:\/\/schema.org\",\"@graph\":[{\"@type\":\"WebPage\",\"@id\":\"https:\/\/www.trabajando.cl\/blog\/42-horas-productividad-y-tecnologia-laboral\/\",\"url\":\"https:\/\/www.trabajando.cl\/blog\/42-horas-productividad-y-tecnologia-laboral\/\",\"name\":\"42 horas, productividad y tecnolog\u00eda laboral - Blog Trabajando.com\",\"isPartOf\":{\"@id\":\"https:\/\/www.trabajando.cl\/blog\/#website\"},\"datePublished\":\"2026-04-28T16:52:52+00:00\",\"dateModified\":\"2026-04-28T16:52:59+00:00\",\"author\":{\"@id\":\"https:\/\/www.trabajando.cl\/blog\/#\/schema\/person\/a9970f4bd5bba153c1085154c52f45ef\"},\"description\":\"42 horas en Chile: impacto en productividad, tecnolog\u00eda y cultura laboral. Claves del nuevo escenario del mercado laboral.\",\"breadcrumb\":{\"@id\":\"https:\/\/www.trabajando.cl\/blog\/42-horas-productividad-y-tecnologia-laboral\/#breadcrumb\"},\"inLanguage\":\"es\",\"potentialAction\":[{\"@type\":\"ReadAction\",\"target\":[\"https:\/\/www.trabajando.cl\/blog\/42-horas-productividad-y-tecnologia-laboral\/\"]}]},{\"@type\":\"BreadcrumbList\",\"@id\":\"https:\/\/www.trabajando.cl\/blog\/42-horas-productividad-y-tecnologia-laboral\/#breadcrumb\",\"itemListElement\":[{\"@type\":\"ListItem\",\"position\":1,\"name\":\"Home\",\"item\":\"https:\/\/www.trabajando.cl\/blog\/\"},{\"@type\":\"ListItem\",\"position\":2,\"name\":\"42 horas, productividad y tecnolog\u00eda laboral\"}]},{\"@type\":\"WebSite\",\"@id\":\"https:\/\/www.trabajando.cl\/blog\/#website\",\"url\":\"https:\/\/www.trabajando.cl\/blog\/\",\"name\":\"Blog Trabajando.com\",\"description\":\"Noticias, tips y consejos de trabajo en Chile. Informaci\u00f3n y \u00faltimas tendencias sobre el mercado laboral.\",\"potentialAction\":[{\"@type\":\"SearchAction\",\"target\":{\"@type\":\"EntryPoint\",\"urlTemplate\":\"https:\/\/www.trabajando.cl\/blog\/?s={search_term_string}\"},\"query-input\":\"required name=search_term_string\"}],\"inLanguage\":\"es\"},{\"@type\":\"Person\",\"@id\":\"https:\/\/www.trabajando.cl\/blog\/#\/schema\/person\/a9970f4bd5bba153c1085154c52f45ef\",\"name\":\"appuser\",\"image\":{\"@type\":\"ImageObject\",\"inLanguage\":\"es\",\"@id\":\"https:\/\/www.trabajando.cl\/blog\/#\/schema\/person\/image\/\",\"url\":\"https:\/\/secure.gravatar.com\/avatar\/2e7990143d3a5ecbe827c042f5393d37?s=96&d=mm&r=g\",\"contentUrl\":\"https:\/\/secure.gravatar.com\/avatar\/2e7990143d3a5ecbe827c042f5393d37?s=96&d=mm&r=g\",\"caption\":\"appuser\"},\"url\":\"https:\/\/www.trabajando.cl\/blog\/author\/appuser\/\"}]}<\/script>\n<!-- \/ Yoast SEO plugin. -->","yoast_head_json":{"title":"42 horas, productividad y tecnolog\u00eda laboral - Blog Trabajando.com","description":"42 horas en Chile: impacto en productividad, tecnolog\u00eda y cultura laboral. Claves del nuevo escenario del mercado laboral.","robots":{"index":"index","follow":"follow","max-snippet":"max-snippet:-1","max-image-preview":"max-image-preview:large","max-video-preview":"max-video-preview:-1"},"canonical":"https:\/\/www.trabajando.cl\/blog\/42-horas-productividad-y-tecnologia-laboral\/","og_locale":"es_ES","og_type":"article","og_title":"42 horas, productividad y tecnolog\u00eda laboral - Blog Trabajando.com","og_description":"42 horas en Chile: impacto en productividad, tecnolog\u00eda y cultura laboral. Claves del nuevo escenario del mercado laboral.","og_url":"https:\/\/www.trabajando.cl\/blog\/42-horas-productividad-y-tecnologia-laboral\/","og_site_name":"Blog Trabajando.com","article_published_time":"2026-04-28T16:52:52+00:00","article_modified_time":"2026-04-28T16:52:59+00:00","og_image":[{"width":1200,"height":600,"url":"https:\/\/www.trabajando.cl\/blog\/wp-content\/uploads\/2026\/04\/42-horas-productividad-y-tecnologia-laboral.png","type":"image\/png"}],"author":"appuser","twitter_card":"summary_large_image","twitter_misc":{"Escrito por":"appuser","Tiempo de lectura":"3 minutos"},"schema":{"@context":"https:\/\/schema.org","@graph":[{"@type":"WebPage","@id":"https:\/\/www.trabajando.cl\/blog\/42-horas-productividad-y-tecnologia-laboral\/","url":"https:\/\/www.trabajando.cl\/blog\/42-horas-productividad-y-tecnologia-laboral\/","name":"42 horas, productividad y tecnolog\u00eda laboral - Blog Trabajando.com","isPartOf":{"@id":"https:\/\/www.trabajando.cl\/blog\/#website"},"datePublished":"2026-04-28T16:52:52+00:00","dateModified":"2026-04-28T16:52:59+00:00","author":{"@id":"https:\/\/www.trabajando.cl\/blog\/#\/schema\/person\/a9970f4bd5bba153c1085154c52f45ef"},"description":"42 horas en Chile: impacto en productividad, tecnolog\u00eda y cultura laboral. Claves del nuevo escenario del mercado laboral.","breadcrumb":{"@id":"https:\/\/www.trabajando.cl\/blog\/42-horas-productividad-y-tecnologia-laboral\/#breadcrumb"},"inLanguage":"es","potentialAction":[{"@type":"ReadAction","target":["https:\/\/www.trabajando.cl\/blog\/42-horas-productividad-y-tecnologia-laboral\/"]}]},{"@type":"BreadcrumbList","@id":"https:\/\/www.trabajando.cl\/blog\/42-horas-productividad-y-tecnologia-laboral\/#breadcrumb","itemListElement":[{"@type":"ListItem","position":1,"name":"Home","item":"https:\/\/www.trabajando.cl\/blog\/"},{"@type":"ListItem","position":2,"name":"42 horas, productividad y tecnolog\u00eda laboral"}]},{"@type":"WebSite","@id":"https:\/\/www.trabajando.cl\/blog\/#website","url":"https:\/\/www.trabajando.cl\/blog\/","name":"Blog Trabajando.com","description":"Noticias, tips y consejos de trabajo en Chile. Informaci\u00f3n y \u00faltimas tendencias sobre el mercado laboral.","potentialAction":[{"@type":"SearchAction","target":{"@type":"EntryPoint","urlTemplate":"https:\/\/www.trabajando.cl\/blog\/?s={search_term_string}"},"query-input":"required name=search_term_string"}],"inLanguage":"es"},{"@type":"Person","@id":"https:\/\/www.trabajando.cl\/blog\/#\/schema\/person\/a9970f4bd5bba153c1085154c52f45ef","name":"appuser","image":{"@type":"ImageObject","inLanguage":"es","@id":"https:\/\/www.trabajando.cl\/blog\/#\/schema\/person\/image\/","url":"https:\/\/secure.gravatar.com\/avatar\/2e7990143d3a5ecbe827c042f5393d37?s=96&d=mm&r=g","contentUrl":"https:\/\/secure.gravatar.com\/avatar\/2e7990143d3a5ecbe827c042f5393d37?s=96&d=mm&r=g","caption":"appuser"},"url":"https:\/\/www.trabajando.cl\/blog\/author\/appuser\/"}]}},"_links":{"self":[{"href":"https:\/\/www.trabajando.cl\/blog\/wp-json\/wp\/v2\/posts\/5814"}],"collection":[{"href":"https:\/\/www.trabajando.cl\/blog\/wp-json\/wp\/v2\/posts"}],"about":[{"href":"https:\/\/www.trabajando.cl\/blog\/wp-json\/wp\/v2\/types\/post"}],"author":[{"embeddable":true,"href":"https:\/\/www.trabajando.cl\/blog\/wp-json\/wp\/v2\/users\/22"}],"replies":[{"embeddable":true,"href":"https:\/\/www.trabajando.cl\/blog\/wp-json\/wp\/v2\/comments?post=5814"}],"version-history":[{"count":1,"href":"https:\/\/www.trabajando.cl\/blog\/wp-json\/wp\/v2\/posts\/5814\/revisions"}],"predecessor-version":[{"id":5817,"href":"https:\/\/www.trabajando.cl\/blog\/wp-json\/wp\/v2\/posts\/5814\/revisions\/5817"}],"wp:featuredmedia":[{"embeddable":true,"href":"https:\/\/www.trabajando.cl\/blog\/wp-json\/wp\/v2\/media\/5816"}],"wp:attachment":[{"href":"https:\/\/www.trabajando.cl\/blog\/wp-json\/wp\/v2\/media?parent=5814"}],"wp:term":[{"taxonomy":"category","embeddable":true,"href":"https:\/\/www.trabajando.cl\/blog\/wp-json\/wp\/v2\/categories?post=5814"},{"taxonomy":"post_tag","embeddable":true,"href":"https:\/\/www.trabajando.cl\/blog\/wp-json\/wp\/v2\/tags?post=5814"}],"curies":[{"name":"wp","href":"https:\/\/api.w.org\/{rel}","templated":true}]}}