{"id":5722,"date":"2025-08-29T11:13:14","date_gmt":"2025-08-29T14:13:14","guid":{"rendered":"https:\/\/www.trabajando.cl\/blog\/?p=5722"},"modified":"2025-08-29T11:13:21","modified_gmt":"2025-08-29T14:13:21","slug":"capacitacion-stem-para-mujeres-profesionales","status":"publish","type":"post","link":"https:\/\/www.trabajando.cl\/blog\/capacitacion-stem-para-mujeres-profesionales\/","title":{"rendered":"Capacitaci\u00f3n STEM para mujeres profesionales"},"content":{"rendered":"\n<p>En la actualidad, existen \u00e1reas de trabajo que se configurar\u00e1n como los principales espacios de desarrollo para las personas,&nbsp;<strong>donde podr\u00e1n obtener mayor crecimiento profesional durante los pr\u00f3ximos a\u00f1os. Se manejan estad\u00edsticas de que aproximadamente el 20% de los trabajos se centra en 4 \u00e1reas, lo cual supone que esto seguir\u00e1 creciendo en los pr\u00f3ximos a\u00f1os.<\/strong>&nbsp;En espec\u00edfico, nos referimos a las \u00e1reas de ciencia, tecnolog\u00eda, ingenier\u00eda y matem\u00e1ticas (Sigla en ingl\u00e9s STEM) las cuales est\u00e1n ejercidas principalmente por hombres, pero se apunta a que la incorporaci\u00f3n de la mujer sea cada vez mayor.<br><br><strong>La cifra de participaci\u00f3n femenina en estas \u00e1reas sigue siendo baja<\/strong>, por lo que consideramos importante destacar ciertos espacios de estudio y nuevas iniciativas que se han estado fomentando en el \u00faltimo tiempo, para generar mayor inter\u00e9s de las mujeres en estudiar lo que ellas desean, rompiendo as\u00ed ciertos estereotipos respecto a las profesiones que muchas mujeres deciden optar para el futuro.<\/p>\n\n\n\n<h2 class=\"wp-block-heading\"><strong>\u00bfEn qu\u00e9 desarrollarse dentro del STEM?<\/strong><\/h2>\n\n\n\n<p>Para comprender los alcances de estas \u00e1reas, podemos hacer el ejercicio de identificar cada campo de trabajo y su implicancia en cada una de ellas, por ejemplo:<\/p>\n\n\n\n<ol>\n<li><strong>Science (ciencia)<\/strong>&nbsp;puede abarcar \u00e1reas tan relevantes como la medicina, el cambio clim\u00e1tico, los avances en salud mental, entre otros.<\/li>\n\n\n\n<li><strong>Technology (tecnolog\u00eda)<\/strong>, incluye todo lo digital, desde nuevos dispositivos de trabajo, computadores, celulares, inteligencia artificial.<\/li>\n\n\n\n<li><strong>Engineering (ingenier\u00eda)<\/strong>, la infraestructura p\u00fablica y privada, los puentes, ciudades y edificios.<\/li>\n\n\n\n<li><strong>Mathematics (matem\u00e1ticas)<\/strong>, abarca distintos campos tales como la econom\u00eda, la contabilidad, los impuestos e inversiones.<\/li>\n<\/ol>\n\n\n\n<h2 class=\"wp-block-heading\"><strong>Capacitaci\u00f3n y Formaci\u00f3n<\/strong><\/h2>\n\n\n\n<p>De acuerdo a Unesco,&nbsp;<strong>hasta el a\u00f1o 2022, las mujeres representan el 35% de carreras de ense\u00f1anza superior del \u00e1rea STEM. En Chile, de acuerdo al Mineduc, s\u00f3lo 1 de cada 4 matr\u00edculas en estas carreras las realizan mujeres.<\/strong>&nbsp;Aunque el 53% de personas matriculadas en la ense\u00f1anza superior tambi\u00e9n son mujeres, se mantiene a\u00fan una distancia en el ingreso a estas profesiones.<br><br>Para fomentar el aprendizaje y capacitaci\u00f3n constantes, es necesario generar instancias en que las mujeres puedan integrarse sin dificultades a dichas \u00e1reas tan relevantes para el desarrollo humano.<\/p>\n\n\n\n<blockquote class=\"wp-block-quote\">\n<h3 class=\"wp-block-heading\">Instituciones donde capacitarse<\/h3>\n<\/blockquote>\n\n\n\n<p>A continuaci\u00f3n te contamos sobre algunos centros de educaci\u00f3n donde podr\u00edas capacitarte en alguna de las \u00e1reas STEM<\/p>\n\n\n\n<ul>\n<li>Existen instituciones, como&nbsp;<strong>Inacap<\/strong>, que brinda el 50% de beca a mujeres que deseen matricularse en carreras ligadas al \u00e1rea STEM, siendo una gran iniciativa para fomentar su inserci\u00f3n. Puedes obtener m\u00e1s informaci\u00f3n&nbsp;<a href=\"https:\/\/portales.inacap.cl\/financiamiento-estudiantil\/becas\/becas-inacap\/beca-stem\/index\" target=\"_blank\" rel=\"noreferrer noopener\">aqu\u00ed<\/a>.<\/li>\n\n\n\n<li>Tambi\u00e9n existen programas de formaci\u00f3n en Bootcamps, como los que brinda&nbsp;<strong><a href=\"https:\/\/www.laboratoria.la\/\" target=\"_blank\" rel=\"noreferrer noopener\">Laboratoria<\/a><\/strong>, donde se fomenta el ingreso de mujeres a estudiar y capacitarse en distintas \u00e1reas ligadas a la tecnolog\u00eda, por ejemplo, dise\u00f1o de p\u00e1ginas, web, experiencia de usuario o an\u00e1lisis de datos.<\/li>\n\n\n\n<li>Por otro lado,<strong>&nbsp;<a href=\"https:\/\/talentodigitalparachile.cl\/\" target=\"_blank\" rel=\"noreferrer noopener\">Talento Digital<\/a><\/strong>, siendo una alianza p\u00fablico \u2013 privada, con el prop\u00f3sito de acelerar en nuestro pa\u00eds una cultura digital, promueve un sentido de urgencia a las demandas del nuevo mercado. All\u00ed podemos encontrar tambi\u00e9n becas para estudiar Bootcamps ligados al \u00e1rea tecnol\u00f3gica.<\/li>\n<\/ul>\n\n\n\n<p>Cabe mencionar que&nbsp;<strong>todos estos programas no son excluyentes de la formaci\u00f3n que las mujeres puedan tener de inicio, o incluso mujeres sin formaci\u00f3n acad\u00e9mica previa, consider\u00e1ndose una reconversi\u00f3n laboral,<\/strong>&nbsp;en muchos casos de mujeres que desean formarse y desempe\u00f1arse laboralmente en estas \u00e1reas STEM.<br><br>Finalmente, es necesario recalcar que&nbsp;<strong>un mayor ingreso de mujeres a \u00e1reas STEM, no solo promueve su desarrollo profesional, laboral y personal, sino que tambi\u00e9n a\u00f1ade una fuerza laboral importante en la econom\u00eda del pa\u00eds, al insertar a personas con nuevas ideas<\/strong>&nbsp;a \u00e1reas donde constantemente vemos avances y renovaciones, adem\u00e1s de estar en constante b\u00fasqueda de nuevos talentos ya que muchas veces escasean perfiles calificados. Por ese motivo, es importante hacer difusi\u00f3n sobre las carreras y profesiones en que las mujeres pueden desarrollarse, no temiendo en a\u00f1adir nuevos conocimientos y promover esta fuerza laboral en el mundo femenino.<\/p>\n\n\n\n<p>Escrito por Carolina Yuseff, Orientadora Laboral<\/p>\n","protected":false},"excerpt":{"rendered":"<p>En la actualidad, existen \u00e1reas de trabajo que se configurar\u00e1n como los principales espacios de desarrollo para las personas,&nbsp;donde podr\u00e1n obtener mayor crecimiento profesional durante los pr\u00f3ximos a\u00f1os. Se manejan estad\u00edsticas de que aproximadamente el 20% de los trabajos se centra en 4 \u00e1reas, lo cual supone que esto seguir\u00e1 creciendo en los pr\u00f3ximos a\u00f1os.&nbsp;En [&hellip;]<\/p>\n","protected":false},"author":21,"featured_media":5723,"comment_status":"closed","ping_status":"closed","sticky":false,"template":"","format":"standard","meta":{"inline_featured_image":false},"categories":[172],"tags":[176,173],"yoast_head":"<!-- This site is optimized with the Yoast SEO plugin v20.5 - https:\/\/yoast.com\/wordpress\/plugins\/seo\/ -->\n<title>Capacitaci\u00f3n STEM para mujeres profesionales - Blog Trabajando.com<\/title>\n<meta name=\"description\" content=\"En la actualidad, existen \u00e1reas de trabajo que se configurar\u00e1n como los principales espacios de desarrollo para las personas, donde podr\u00e1n obtener mayor crecimiento profesional durante los pr\u00f3ximos a\u00f1os\" \/>\n<meta name=\"robots\" content=\"index, follow, max-snippet:-1, max-image-preview:large, max-video-preview:-1\" \/>\n<link rel=\"canonical\" href=\"https:\/\/www.trabajando.cl\/blog\/capacitacion-stem-para-mujeres-profesionales\/\" \/>\n<meta property=\"og:locale\" content=\"es_ES\" \/>\n<meta property=\"og:type\" content=\"article\" \/>\n<meta property=\"og:title\" content=\"Capacitaci\u00f3n STEM para mujeres profesionales - Blog Trabajando.com\" \/>\n<meta property=\"og:description\" content=\"En la actualidad, existen \u00e1reas de trabajo que se configurar\u00e1n como los principales espacios de desarrollo para las personas, donde podr\u00e1n obtener mayor crecimiento profesional durante los pr\u00f3ximos a\u00f1os\" \/>\n<meta property=\"og:url\" content=\"https:\/\/www.trabajando.cl\/blog\/capacitacion-stem-para-mujeres-profesionales\/\" \/>\n<meta property=\"og:site_name\" content=\"Blog Trabajando.com\" \/>\n<meta property=\"article:published_time\" content=\"2025-08-29T14:13:14+00:00\" \/>\n<meta property=\"article:modified_time\" content=\"2025-08-29T14:13:21+00:00\" \/>\n<meta property=\"og:image\" content=\"https:\/\/www.trabajando.cl\/blog\/wp-content\/uploads\/2025\/08\/pretty-joyful-brunette-woman-headphones-is-working-laptop-table-surround-work-stuff-cheerful-mood-taking-break-working-studying-relaxation-true-emotion-2048x1365-1.jpg\" \/>\n\t<meta property=\"og:image:width\" content=\"2048\" \/>\n\t<meta property=\"og:image:height\" content=\"1365\" \/>\n\t<meta property=\"og:image:type\" content=\"image\/jpeg\" \/>\n<meta name=\"author\" content=\"Guillermo Esquerra\" \/>\n<meta name=\"twitter:card\" content=\"summary_large_image\" \/>\n<meta name=\"twitter:label1\" content=\"Escrito por\" \/>\n\t<meta name=\"twitter:data1\" content=\"Guillermo Esquerra\" \/>\n\t<meta name=\"twitter:label2\" content=\"Tiempo de lectura\" \/>\n\t<meta name=\"twitter:data2\" content=\"3 minutos\" \/>\n<script type=\"application\/ld+json\" class=\"yoast-schema-graph\">{\"@context\":\"https:\/\/schema.org\",\"@graph\":[{\"@type\":\"WebPage\",\"@id\":\"https:\/\/www.trabajando.cl\/blog\/capacitacion-stem-para-mujeres-profesionales\/\",\"url\":\"https:\/\/www.trabajando.cl\/blog\/capacitacion-stem-para-mujeres-profesionales\/\",\"name\":\"Capacitaci\u00f3n STEM para mujeres profesionales - Blog Trabajando.com\",\"isPartOf\":{\"@id\":\"https:\/\/www.trabajando.cl\/blog\/#website\"},\"datePublished\":\"2025-08-29T14:13:14+00:00\",\"dateModified\":\"2025-08-29T14:13:21+00:00\",\"author\":{\"@id\":\"https:\/\/www.trabajando.cl\/blog\/#\/schema\/person\/0e543c4a8e42e1463a0fe81b7a0f115f\"},\"description\":\"En la actualidad, existen \u00e1reas de trabajo que se configurar\u00e1n como los principales espacios de desarrollo para las personas, donde podr\u00e1n obtener mayor crecimiento profesional durante los pr\u00f3ximos a\u00f1os\",\"breadcrumb\":{\"@id\":\"https:\/\/www.trabajando.cl\/blog\/capacitacion-stem-para-mujeres-profesionales\/#breadcrumb\"},\"inLanguage\":\"es\",\"potentialAction\":[{\"@type\":\"ReadAction\",\"target\":[\"https:\/\/www.trabajando.cl\/blog\/capacitacion-stem-para-mujeres-profesionales\/\"]}]},{\"@type\":\"BreadcrumbList\",\"@id\":\"https:\/\/www.trabajando.cl\/blog\/capacitacion-stem-para-mujeres-profesionales\/#breadcrumb\",\"itemListElement\":[{\"@type\":\"ListItem\",\"position\":1,\"name\":\"Home\",\"item\":\"https:\/\/www.trabajando.cl\/blog\/\"},{\"@type\":\"ListItem\",\"position\":2,\"name\":\"Capacitaci\u00f3n STEM para mujeres profesionales\"}]},{\"@type\":\"WebSite\",\"@id\":\"https:\/\/www.trabajando.cl\/blog\/#website\",\"url\":\"https:\/\/www.trabajando.cl\/blog\/\",\"name\":\"Blog Trabajando.com\",\"description\":\"Noticias, tips y consejos de trabajo en Chile. Informaci\u00f3n y \u00faltimas tendencias sobre el mercado laboral.\",\"potentialAction\":[{\"@type\":\"SearchAction\",\"target\":{\"@type\":\"EntryPoint\",\"urlTemplate\":\"https:\/\/www.trabajando.cl\/blog\/?s={search_term_string}\"},\"query-input\":\"required name=search_term_string\"}],\"inLanguage\":\"es\"},{\"@type\":\"Person\",\"@id\":\"https:\/\/www.trabajando.cl\/blog\/#\/schema\/person\/0e543c4a8e42e1463a0fe81b7a0f115f\",\"name\":\"Guillermo Esquerra\",\"image\":{\"@type\":\"ImageObject\",\"inLanguage\":\"es\",\"@id\":\"https:\/\/www.trabajando.cl\/blog\/#\/schema\/person\/image\/\",\"url\":\"https:\/\/secure.gravatar.com\/avatar\/4375b3250d3960406979a24f0563bd4b?s=96&d=mm&r=g\",\"contentUrl\":\"https:\/\/secure.gravatar.com\/avatar\/4375b3250d3960406979a24f0563bd4b?s=96&d=mm&r=g\",\"caption\":\"Guillermo Esquerra\"},\"sameAs\":[\"http:\/\/trabajando.com\/blog\/\"],\"url\":\"https:\/\/www.trabajando.cl\/blog\/author\/admin\/\"}]}<\/script>\n<!-- \/ Yoast SEO plugin. -->","yoast_head_json":{"title":"Capacitaci\u00f3n STEM para mujeres profesionales - Blog Trabajando.com","description":"En la actualidad, existen \u00e1reas de trabajo que se configurar\u00e1n como los principales espacios de desarrollo para las personas, donde podr\u00e1n obtener mayor crecimiento profesional durante los pr\u00f3ximos a\u00f1os","robots":{"index":"index","follow":"follow","max-snippet":"max-snippet:-1","max-image-preview":"max-image-preview:large","max-video-preview":"max-video-preview:-1"},"canonical":"https:\/\/www.trabajando.cl\/blog\/capacitacion-stem-para-mujeres-profesionales\/","og_locale":"es_ES","og_type":"article","og_title":"Capacitaci\u00f3n STEM para mujeres profesionales - Blog Trabajando.com","og_description":"En la actualidad, existen \u00e1reas de trabajo que se configurar\u00e1n como los principales espacios de desarrollo para las personas, donde podr\u00e1n obtener mayor crecimiento profesional durante los pr\u00f3ximos a\u00f1os","og_url":"https:\/\/www.trabajando.cl\/blog\/capacitacion-stem-para-mujeres-profesionales\/","og_site_name":"Blog Trabajando.com","article_published_time":"2025-08-29T14:13:14+00:00","article_modified_time":"2025-08-29T14:13:21+00:00","og_image":[{"width":2048,"height":1365,"url":"https:\/\/www.trabajando.cl\/blog\/wp-content\/uploads\/2025\/08\/pretty-joyful-brunette-woman-headphones-is-working-laptop-table-surround-work-stuff-cheerful-mood-taking-break-working-studying-relaxation-true-emotion-2048x1365-1.jpg","type":"image\/jpeg"}],"author":"Guillermo Esquerra","twitter_card":"summary_large_image","twitter_misc":{"Escrito por":"Guillermo Esquerra","Tiempo de lectura":"3 minutos"},"schema":{"@context":"https:\/\/schema.org","@graph":[{"@type":"WebPage","@id":"https:\/\/www.trabajando.cl\/blog\/capacitacion-stem-para-mujeres-profesionales\/","url":"https:\/\/www.trabajando.cl\/blog\/capacitacion-stem-para-mujeres-profesionales\/","name":"Capacitaci\u00f3n STEM para mujeres profesionales - Blog Trabajando.com","isPartOf":{"@id":"https:\/\/www.trabajando.cl\/blog\/#website"},"datePublished":"2025-08-29T14:13:14+00:00","dateModified":"2025-08-29T14:13:21+00:00","author":{"@id":"https:\/\/www.trabajando.cl\/blog\/#\/schema\/person\/0e543c4a8e42e1463a0fe81b7a0f115f"},"description":"En la actualidad, existen \u00e1reas de trabajo que se configurar\u00e1n como los principales espacios de desarrollo para las personas, donde podr\u00e1n obtener mayor crecimiento profesional durante los pr\u00f3ximos a\u00f1os","breadcrumb":{"@id":"https:\/\/www.trabajando.cl\/blog\/capacitacion-stem-para-mujeres-profesionales\/#breadcrumb"},"inLanguage":"es","potentialAction":[{"@type":"ReadAction","target":["https:\/\/www.trabajando.cl\/blog\/capacitacion-stem-para-mujeres-profesionales\/"]}]},{"@type":"BreadcrumbList","@id":"https:\/\/www.trabajando.cl\/blog\/capacitacion-stem-para-mujeres-profesionales\/#breadcrumb","itemListElement":[{"@type":"ListItem","position":1,"name":"Home","item":"https:\/\/www.trabajando.cl\/blog\/"},{"@type":"ListItem","position":2,"name":"Capacitaci\u00f3n STEM para mujeres profesionales"}]},{"@type":"WebSite","@id":"https:\/\/www.trabajando.cl\/blog\/#website","url":"https:\/\/www.trabajando.cl\/blog\/","name":"Blog Trabajando.com","description":"Noticias, tips y consejos de trabajo en Chile. Informaci\u00f3n y \u00faltimas tendencias sobre el mercado laboral.","potentialAction":[{"@type":"SearchAction","target":{"@type":"EntryPoint","urlTemplate":"https:\/\/www.trabajando.cl\/blog\/?s={search_term_string}"},"query-input":"required name=search_term_string"}],"inLanguage":"es"},{"@type":"Person","@id":"https:\/\/www.trabajando.cl\/blog\/#\/schema\/person\/0e543c4a8e42e1463a0fe81b7a0f115f","name":"Guillermo Esquerra","image":{"@type":"ImageObject","inLanguage":"es","@id":"https:\/\/www.trabajando.cl\/blog\/#\/schema\/person\/image\/","url":"https:\/\/secure.gravatar.com\/avatar\/4375b3250d3960406979a24f0563bd4b?s=96&d=mm&r=g","contentUrl":"https:\/\/secure.gravatar.com\/avatar\/4375b3250d3960406979a24f0563bd4b?s=96&d=mm&r=g","caption":"Guillermo Esquerra"},"sameAs":["http:\/\/trabajando.com\/blog\/"],"url":"https:\/\/www.trabajando.cl\/blog\/author\/admin\/"}]}},"_links":{"self":[{"href":"https:\/\/www.trabajando.cl\/blog\/wp-json\/wp\/v2\/posts\/5722"}],"collection":[{"href":"https:\/\/www.trabajando.cl\/blog\/wp-json\/wp\/v2\/posts"}],"about":[{"href":"https:\/\/www.trabajando.cl\/blog\/wp-json\/wp\/v2\/types\/post"}],"author":[{"embeddable":true,"href":"https:\/\/www.trabajando.cl\/blog\/wp-json\/wp\/v2\/users\/21"}],"replies":[{"embeddable":true,"href":"https:\/\/www.trabajando.cl\/blog\/wp-json\/wp\/v2\/comments?post=5722"}],"version-history":[{"count":1,"href":"https:\/\/www.trabajando.cl\/blog\/wp-json\/wp\/v2\/posts\/5722\/revisions"}],"predecessor-version":[{"id":5724,"href":"https:\/\/www.trabajando.cl\/blog\/wp-json\/wp\/v2\/posts\/5722\/revisions\/5724"}],"wp:featuredmedia":[{"embeddable":true,"href":"https:\/\/www.trabajando.cl\/blog\/wp-json\/wp\/v2\/media\/5723"}],"wp:attachment":[{"href":"https:\/\/www.trabajando.cl\/blog\/wp-json\/wp\/v2\/media?parent=5722"}],"wp:term":[{"taxonomy":"category","embeddable":true,"href":"https:\/\/www.trabajando.cl\/blog\/wp-json\/wp\/v2\/categories?post=5722"},{"taxonomy":"post_tag","embeddable":true,"href":"https:\/\/www.trabajando.cl\/blog\/wp-json\/wp\/v2\/tags?post=5722"}],"curies":[{"name":"wp","href":"https:\/\/api.w.org\/{rel}","templated":true}]}}