{"id":5317,"date":"2023-10-25T13:11:58","date_gmt":"2023-10-25T16:11:58","guid":{"rendered":"https:\/\/www.trabajando.cl\/blog\/?p=5317"},"modified":"2023-10-25T13:22:10","modified_gmt":"2023-10-25T16:22:10","slug":"reconversion-laboral-digital-una-oportunidad-para-el-futuro","status":"publish","type":"post","link":"https:\/\/www.trabajando.cl\/blog\/reconversion-laboral-digital-una-oportunidad-para-el-futuro\/","title":{"rendered":"Reconversi\u00f3n laboral digital: Una oportunidad para el futuro."},"content":{"rendered":"\n<p>La capacitaci\u00f3n en habilidades digitales se ha convertido en un pilar fundamental para el \u00e9xito en el mercado laboral. La tecnolog\u00eda avanza a pasos agigantados, y con ello, la demanda de profesionales con competencias en el mundo digital. Es por esto que el concepto de \u201cReconversi\u00f3n laboral\u201d ha tomado fuerza en los \u00faltimos a\u00f1os.<\/p>\n\n\n\n<p>En este art\u00edculo, te explicamos por qu\u00e9 es importante capacitarse en TI para adquirir habilidades, sus ventajas y en qu\u00e9 \u00e1reas puedes especializarte.<\/p>\n\n\n\n<div style=\"height:30px\" aria-hidden=\"true\" class=\"wp-block-spacer\"><\/div>\n\n\n\n<h2 class=\"wp-block-heading\"><strong>Reconversi\u00f3n laboral ante un futuro incierto.<\/strong><\/h2>\n\n\n\n<div style=\"height:10px\" aria-hidden=\"true\" class=\"wp-block-spacer\"><\/div>\n\n\n\n<p>La transformaci\u00f3n digital ha revolucionado la forma en la que percibimos el mundo, y el Mercado laboral no se queda atr\u00e1s. Por eso, cada vez es m\u00e1s necesario contar con habilidades que nos permitan navegar en un mundo tecnol\u00f3gico, especialmente cuando todo avanza cada vez m\u00e1s r\u00e1pido.<\/p>\n\n\n\n<p>Por otra parte, la reconversi\u00f3n laboral orientada al \u00e1rea digital se convierte en una alternativa cada vez m\u00e1s frecuente entre quienes buscan desarrollarse profesionalmente. Esto permitir\u00e1 aumentar las posibilidades de acceder a mejores oportunidades laborales.<\/p>\n\n\n\n<div style=\"height:20px\" aria-hidden=\"true\" class=\"wp-block-spacer\"><\/div>\n\n\n<div class=\"wp-block-image\">\n<figure class=\"aligncenter size-full is-resized\"><a href=\"https:\/\/www.trabajando.cl\/trabajo-digital\" target=\"_blank\" rel=\"noreferrer noopener\"><img decoding=\"async\" loading=\"lazy\" src=\"https:\/\/www.trabajando.cl\/blog\/wp-content\/uploads\/2023\/10\/boton-trabajos-digital.png\" alt=\"Revisa trabajos disponibles que requieren habilidades digitales\" class=\"wp-image-5318\" width=\"387\" height=\"258\" srcset=\"https:\/\/www.trabajando.cl\/blog\/wp-content\/uploads\/2023\/10\/boton-trabajos-digital.png 600w, https:\/\/www.trabajando.cl\/blog\/wp-content\/uploads\/2023\/10\/boton-trabajos-digital-300x200.png 300w\" sizes=\"(max-width: 387px) 100vw, 387px\" \/><\/a><\/figure><\/div>\n\n\n<div style=\"height:20px\" aria-hidden=\"true\" class=\"wp-block-spacer\"><\/div>\n\n\n\n<h2 class=\"wp-block-heading\"><strong>Pero, \u00bfCu\u00e1les son las ventajas de capacitarse en el mundo digital?<\/strong><\/h2>\n\n\n\n<div style=\"height:10px\" aria-hidden=\"true\" class=\"wp-block-spacer\"><\/div>\n\n\n\n<ul>\n<li><strong>M\u00e1s oportunidades:<\/strong> Con competencias digitales, puedes trabajar en diversas industrias, desde marketing digital hasta desarrollo web, lo que te brinda flexibilidad en tu carrera.<br><\/li>\n\n\n\n<li><strong>Salarios competitivos:<\/strong> Los profesionales con habilidades digitales suelen aspirar a sueldos m\u00e1s competitivos en comparaci\u00f3n con aquellos que carecen de estas habilidades.<br><\/li>\n\n\n\n<li><strong>Crecimiento profesional continuo:<\/strong> La capacitaci\u00f3n en el mundo digital te permite estar en constante aprendizaje, lo que contribuye a tu crecimiento profesional y personal.<br><\/li>\n\n\n\n<li><strong>Conexi\u00f3n global:<\/strong> La tecnolog\u00eda digital te permite trabajar con personas de todo el mundo, lo que ampl\u00eda tu red profesional y tus horizontes laborales.<\/li>\n<\/ul>\n\n\n\n<div style=\"height:30px\" aria-hidden=\"true\" class=\"wp-block-spacer\"><\/div>\n\n\n\n<h2 class=\"wp-block-heading\"><strong>\u00bfEn qu\u00e9 \u00e1reas es posible especializarse?<\/strong><\/h2>\n\n\n\n<div style=\"height:10px\" aria-hidden=\"true\" class=\"wp-block-spacer\"><\/div>\n\n\n\n<p>Si bien existen muchas alternativas para que inicies el proceso de reconversi\u00f3n laboral, estas son algunas de las \u00e1reas m\u00e1s frecuentes para desarrollarse en el mundo digital.&nbsp;<\/p>\n\n\n\n<p><strong>Marketing Digital:<\/strong> Incluye SEO, publicidad en l\u00ednea, redes sociales y an\u00e1lisis de datos.<\/p>\n\n\n\n<p><strong>Desarrollo Web y Programaci\u00f3n:<\/strong> Dise\u00f1o y desarrollo de sitios web, aplicaciones m\u00f3viles y software.<\/p>\n\n\n\n<p><strong>Data science:<\/strong> Recolecci\u00f3n, procesamiento y entrega de datos de forma eficiente.<\/p>\n\n\n\n<p><strong>Data Analytics:<\/strong> Interpretaci\u00f3n de datos para tomar decisiones estrat\u00e9gicas en los negocios.<\/p>\n\n\n\n<p><strong>Ciberseguridad:<\/strong> Protecci\u00f3n de datos y sistemas contra amenazas cibern\u00e9ticas.<\/p>\n\n\n\n<div style=\"height:20px\" aria-hidden=\"true\" class=\"wp-block-spacer\"><\/div>\n\n\n<div class=\"wp-block-image\">\n<figure class=\"aligncenter size-full is-resized\"><a href=\"https:\/\/trabajandomujer.cl\/home\/\" target=\"_blank\" rel=\"noreferrer noopener\"><img decoding=\"async\" loading=\"lazy\" src=\"https:\/\/www.trabajando.cl\/blog\/wp-content\/uploads\/2023\/10\/boton-trabajandomujer.png\" alt=\"Ir a TrabajandoMujer.cl: comunidad laboral para mujeres dedicadas a rubros STEM.\" class=\"wp-image-5320\" width=\"393\" height=\"262\" srcset=\"https:\/\/www.trabajando.cl\/blog\/wp-content\/uploads\/2023\/10\/boton-trabajandomujer.png 600w, https:\/\/www.trabajando.cl\/blog\/wp-content\/uploads\/2023\/10\/boton-trabajandomujer-300x200.png 300w\" sizes=\"(max-width: 393px) 100vw, 393px\" \/><\/a><\/figure><\/div>\n\n\n<div style=\"height:20px\" aria-hidden=\"true\" class=\"wp-block-spacer\"><\/div>\n\n\n\n<h2 class=\"wp-block-heading\"><strong>\u00bfQu\u00e9 debes estudiar para desarrollarte en TI?<\/strong><\/h2>\n\n\n\n<div style=\"height:10px\" aria-hidden=\"true\" class=\"wp-block-spacer\"><\/div>\n\n\n\n<p>Existen diversas formas para sumar nuevos conocimientos a tu perfil profesional. Por una parte, diversas casas de estudios que ofrecen <strong>cursos, diplomados<\/strong> y <strong>programas de formaci\u00f3n<\/strong>.<\/p>\n\n\n\n<p><strong>Otra alternativa, son los <em>Bootcamps<\/em>:<\/strong> Programas intensivos dise\u00f1ados para que puedas aprender habilidades espec\u00edficas en un corto plazo. Los bootcamps son una gran opci\u00f3n si buscas especializarte en TI.<\/p>\n\n\n\n<p>Actualmente, varias organizaciones realizan bootcamps e incluso, cada cierto tiempo, ofrecen becas de formaci\u00f3n para quienes buscan expandir sus horizontes.<\/p>\n\n\n\n<p>En <strong><a href=\"https:\/\/talentodigitalparachile.cl\/\" target=\"_blank\" rel=\"noreferrer noopener\">Talento Digital para Chile<\/a><\/strong>, por ejemplo, han abierto una convocatoria para postular a becas y as\u00ed optar a cursos de<strong> An\u00e1lisis de datos, Dise\u00f1o UX\/UI, Desarrollo de aplicaciones M\u00f3viles, Desarrollo de aplicaciones full stack Python, JavaScript<\/strong>, y m\u00e1s.<\/p>\n\n\n\n<p><strong>Puedes postular hasta el 31 de octubre<\/strong>. <strong><a href=\"https:\/\/talentodigitalparachile.cl\/reiniciateendigital\/?utm_source=LinkedIn_Trabajando.com&amp;utm_medium=Social&amp;utm_campaign=BlogDifusi\u00f3nBecas_Trabajando.com\" target=\"_blank\" rel=\"noreferrer noopener\">Revisa toda la informaci\u00f3n y requisitos aqu\u00ed.<\/a><\/strong><\/p>\n\n\n\n<div style=\"height:30px\" aria-hidden=\"true\" class=\"wp-block-spacer\"><\/div>\n\n\n\n<p>\u00a1Ahora lo sabes! La capacitaci\u00f3n en el mundo digital es esencial para sobresalir en el mercado laboral actual. Te brinda una ventaja competitiva, mayores oportunidades y un camino hacia una carrera m\u00e1s din\u00e1mica y satisfactoria. No importa en qu\u00e9 etapa de tu carrera te encuentres, invertir en tus habilidades digitales es una gran apuesta para tu futuro.<\/p>\n\n\n\n<p><strong>No le temas a la reconversi\u00f3n laboral y prep\u00e1rate para triunfar en la era digital.<\/strong><\/p>\n\n\n\n<div style=\"height:50px\" aria-hidden=\"true\" class=\"wp-block-spacer\"><\/div>\n\n\n\n<h4 class=\"wp-block-heading\">Sigue leyendo:<\/h4>\n\n\n\n<div class=\"wp-block-query is-layout-flow\"><ul class=\"wp-block-post-template is-layout-flow\"><li class=\"wp-block-post post-5814 post type-post status-publish format-standard has-post-thumbnail hentry category-noticia-principal tag-clima-laboral tag-jornada-laboral\">\n\n<div class=\"wp-block-columns are-vertically-aligned-center is-layout-flex wp-container-3\">\n<div class=\"wp-block-column is-vertically-aligned-center is-layout-flow\" style=\"flex-basis:25%\"><figure class=\"wp-block-post-featured-image\"><a href=\"https:\/\/www.trabajando.cl\/blog\/42-horas-productividad-y-tecnologia-laboral\/\" target=\"_self\"  ><img width=\"1200\" height=\"600\" src=\"https:\/\/www.trabajando.cl\/blog\/wp-content\/uploads\/2026\/04\/42-horas-productividad-y-tecnologia-laboral.png\" class=\"attachment-post-thumbnail size-post-thumbnail wp-post-image\" alt=\"42 horas, productividad y tecnolog\u00eda laboral\" decoding=\"async\" loading=\"lazy\" srcset=\"https:\/\/www.trabajando.cl\/blog\/wp-content\/uploads\/2026\/04\/42-horas-productividad-y-tecnologia-laboral.png 1200w, https:\/\/www.trabajando.cl\/blog\/wp-content\/uploads\/2026\/04\/42-horas-productividad-y-tecnologia-laboral-300x150.png 300w, https:\/\/www.trabajando.cl\/blog\/wp-content\/uploads\/2026\/04\/42-horas-productividad-y-tecnologia-laboral-1024x512.png 1024w, https:\/\/www.trabajando.cl\/blog\/wp-content\/uploads\/2026\/04\/42-horas-productividad-y-tecnologia-laboral-768x384.png 768w\" sizes=\"(max-width: 1200px) 100vw, 1200px\" \/><\/a><\/figure><\/div>\n\n\n\n<div class=\"wp-block-column is-vertically-aligned-center is-layout-flow\" style=\"flex-basis:75%\"><h5 class=\"wp-block-post-title\"><a href=\"https:\/\/www.trabajando.cl\/blog\/42-horas-productividad-y-tecnologia-laboral\/\" target=\"_self\" >42 horas, productividad y tecnolog\u00eda laboral<\/a><\/h5><\/div>\n<\/div>\n\n<\/li><li class=\"wp-block-post post-5471 post type-post status-publish format-standard has-post-thumbnail hentry category-sin-categoria category-tendencias category-tips-y-consejos\">\n\n<div class=\"wp-block-columns are-vertically-aligned-center is-layout-flex wp-container-6\">\n<div class=\"wp-block-column is-vertically-aligned-center is-layout-flow\" style=\"flex-basis:25%\"><figure class=\"wp-block-post-featured-image\"><a href=\"https:\/\/www.trabajando.cl\/blog\/tips-para-cuidar-el-bolsillo-en-fiestas-patrias-no-te-quedes-sin-dinero-este-18\/\" target=\"_self\"  ><img width=\"2560\" height=\"1709\" src=\"https:\/\/www.trabajando.cl\/blog\/wp-content\/uploads\/2024\/09\/close-up-hand-pulling-out-pocket-scaled.jpg\" class=\"attachment-post-thumbnail size-post-thumbnail wp-post-image\" alt=\"Tips para cuidar el bolsillo en Fiestas Patrias \u00a1No te quedes sin dinero este 18!\" decoding=\"async\" loading=\"lazy\" srcset=\"https:\/\/www.trabajando.cl\/blog\/wp-content\/uploads\/2024\/09\/close-up-hand-pulling-out-pocket-scaled.jpg 2560w, https:\/\/www.trabajando.cl\/blog\/wp-content\/uploads\/2024\/09\/close-up-hand-pulling-out-pocket-300x200.jpg 300w, https:\/\/www.trabajando.cl\/blog\/wp-content\/uploads\/2024\/09\/close-up-hand-pulling-out-pocket-1024x683.jpg 1024w, https:\/\/www.trabajando.cl\/blog\/wp-content\/uploads\/2024\/09\/close-up-hand-pulling-out-pocket-768x513.jpg 768w, https:\/\/www.trabajando.cl\/blog\/wp-content\/uploads\/2024\/09\/close-up-hand-pulling-out-pocket-1536x1025.jpg 1536w, https:\/\/www.trabajando.cl\/blog\/wp-content\/uploads\/2024\/09\/close-up-hand-pulling-out-pocket-2048x1367.jpg 2048w\" sizes=\"(max-width: 2560px) 100vw, 2560px\" \/><\/a><\/figure><\/div>\n\n\n\n<div class=\"wp-block-column is-vertically-aligned-center is-layout-flow\" style=\"flex-basis:75%\"><h5 class=\"wp-block-post-title\"><a href=\"https:\/\/www.trabajando.cl\/blog\/tips-para-cuidar-el-bolsillo-en-fiestas-patrias-no-te-quedes-sin-dinero-este-18\/\" target=\"_self\" >Tips para cuidar el bolsillo en Fiestas Patrias \u00a1No te quedes sin dinero este 18!<\/a><\/h5><\/div>\n<\/div>\n\n<\/li><li class=\"wp-block-post post-3148 post type-post status-publish format-standard has-post-thumbnail hentry category-candidatos category-tips-y-consejos tag-busqueda-de-empleo tag-curriculum tag-entrevistas tag-sin-experiencia tag-tips-laborales\">\n\n<div class=\"wp-block-columns are-vertically-aligned-center is-layout-flex wp-container-9\">\n<div class=\"wp-block-column is-vertically-aligned-center is-layout-flow\" style=\"flex-basis:25%\"><figure class=\"wp-block-post-featured-image\"><a href=\"https:\/\/www.trabajando.cl\/blog\/conoce-el-servicio-de-orientacion-en-linea-de-sence\/\" target=\"_self\"  ><img width=\"1200\" height=\"600\" src=\"https:\/\/www.trabajando.cl\/blog\/wp-content\/uploads\/2023\/04\/Prueba-portada-nuevo-blog-1200x600-2.png\" class=\"attachment-post-thumbnail size-post-thumbnail wp-post-image\" alt=\"Conoce el Servicio de Orientaci\u00f3n en l\u00ednea\" decoding=\"async\" loading=\"lazy\" srcset=\"https:\/\/www.trabajando.cl\/blog\/wp-content\/uploads\/2023\/04\/Prueba-portada-nuevo-blog-1200x600-2.png 1200w, https:\/\/www.trabajando.cl\/blog\/wp-content\/uploads\/2023\/04\/Prueba-portada-nuevo-blog-1200x600-2-300x150.png 300w, https:\/\/www.trabajando.cl\/blog\/wp-content\/uploads\/2023\/04\/Prueba-portada-nuevo-blog-1200x600-2-1024x512.png 1024w, https:\/\/www.trabajando.cl\/blog\/wp-content\/uploads\/2023\/04\/Prueba-portada-nuevo-blog-1200x600-2-768x384.png 768w\" sizes=\"(max-width: 1200px) 100vw, 1200px\" \/><\/a><\/figure><\/div>\n\n\n\n<div class=\"wp-block-column is-vertically-aligned-center is-layout-flow\" style=\"flex-basis:75%\"><h5 class=\"wp-block-post-title\"><a href=\"https:\/\/www.trabajando.cl\/blog\/conoce-el-servicio-de-orientacion-en-linea-de-sence\/\" target=\"_self\" >Conoce el Servicio de Orientaci\u00f3n en l\u00ednea<\/a><\/h5><\/div>\n<\/div>\n\n<\/li><li class=\"wp-block-post post-3874 post type-post status-publish format-standard has-post-thumbnail hentry category-candidatos category-tendencias tag-cesantia tag-recursos-humanos tag-tips-laborales\">\n\n<div class=\"wp-block-columns are-vertically-aligned-center is-layout-flex wp-container-12\">\n<div class=\"wp-block-column is-vertically-aligned-center is-layout-flow\" style=\"flex-basis:25%\"><figure class=\"wp-block-post-featured-image\"><a href=\"https:\/\/www.trabajando.cl\/blog\/renuncia-silenciosa\/\" target=\"_self\"  ><img width=\"522\" height=\"261\" src=\"https:\/\/www.trabajando.cl\/blog\/wp-content\/uploads\/2022\/10\/Portada-miniatura-6.png\" class=\"attachment-post-thumbnail size-post-thumbnail wp-post-image\" alt=\"Renuncia Silenciosa: \u00bfQu\u00e9 es y c\u00f3mo nos afecta?\" decoding=\"async\" loading=\"lazy\" srcset=\"https:\/\/www.trabajando.cl\/blog\/wp-content\/uploads\/2022\/10\/Portada-miniatura-6.png 522w, https:\/\/www.trabajando.cl\/blog\/wp-content\/uploads\/2022\/10\/Portada-miniatura-6-300x150.png 300w\" sizes=\"(max-width: 522px) 100vw, 522px\" \/><\/a><\/figure><\/div>\n\n\n\n<div class=\"wp-block-column is-vertically-aligned-center is-layout-flow\" style=\"flex-basis:75%\"><h5 class=\"wp-block-post-title\"><a href=\"https:\/\/www.trabajando.cl\/blog\/renuncia-silenciosa\/\" target=\"_self\" >Renuncia Silenciosa: \u00bfQu\u00e9 es y c\u00f3mo nos afecta?<\/a><\/h5><\/div>\n<\/div>\n\n<\/li><li class=\"wp-block-post post-5807 post type-post status-publish format-standard has-post-thumbnail hentry category-noticia-principal tag-entrevistas\">\n\n<div class=\"wp-block-columns are-vertically-aligned-center is-layout-flex wp-container-15\">\n<div class=\"wp-block-column is-vertically-aligned-center is-layout-flow\" style=\"flex-basis:25%\"><figure class=\"wp-block-post-featured-image\"><a href=\"https:\/\/www.trabajando.cl\/blog\/analisis-de-cifras-de-desempleo-desafios-en-mercado-laboral-de-chile\/\" target=\"_self\"  ><img width=\"1200\" height=\"600\" src=\"https:\/\/www.trabajando.cl\/blog\/wp-content\/uploads\/2026\/04\/Analisis-de-cifras-de-desempleo.png\" class=\"attachment-post-thumbnail size-post-thumbnail wp-post-image\" alt=\"An\u00e1lisis de cifras de desempleo: desaf\u00edos del mercado laboral en Chile\" decoding=\"async\" loading=\"lazy\" srcset=\"https:\/\/www.trabajando.cl\/blog\/wp-content\/uploads\/2026\/04\/Analisis-de-cifras-de-desempleo.png 1200w, https:\/\/www.trabajando.cl\/blog\/wp-content\/uploads\/2026\/04\/Analisis-de-cifras-de-desempleo-300x150.png 300w, https:\/\/www.trabajando.cl\/blog\/wp-content\/uploads\/2026\/04\/Analisis-de-cifras-de-desempleo-1024x512.png 1024w, https:\/\/www.trabajando.cl\/blog\/wp-content\/uploads\/2026\/04\/Analisis-de-cifras-de-desempleo-768x384.png 768w\" sizes=\"(max-width: 1200px) 100vw, 1200px\" \/><\/a><\/figure><\/div>\n\n\n\n<div class=\"wp-block-column is-vertically-aligned-center is-layout-flow\" style=\"flex-basis:75%\"><h5 class=\"wp-block-post-title\"><a href=\"https:\/\/www.trabajando.cl\/blog\/analisis-de-cifras-de-desempleo-desafios-en-mercado-laboral-de-chile\/\" target=\"_self\" >An\u00e1lisis de cifras de desempleo: desaf\u00edos del mercado laboral en Chile<\/a><\/h5><\/div>\n<\/div>\n\n<\/li><li class=\"wp-block-post post-5800 post type-post status-publish format-standard has-post-thumbnail hentry category-noticia-principal\">\n\n<div class=\"wp-block-columns are-vertically-aligned-center is-layout-flex wp-container-18\">\n<div class=\"wp-block-column is-vertically-aligned-center is-layout-flow\" style=\"flex-basis:25%\"><figure class=\"wp-block-post-featured-image\"><a href=\"https:\/\/www.trabajando.cl\/blog\/ley-de-envejecimiento-reabre-debate-sobre-trabajo-y-edad\/\" target=\"_self\"  ><img width=\"1200\" height=\"600\" src=\"https:\/\/www.trabajando.cl\/blog\/wp-content\/uploads\/2026\/01\/Ley-de-envejecimiento-reabre-debate-sobre-trabajo-y-edad.png\" class=\"attachment-post-thumbnail size-post-thumbnail wp-post-image\" alt=\"Ley de envejecimiento reabre debate sobre trabajo y edad\" decoding=\"async\" loading=\"lazy\" srcset=\"https:\/\/www.trabajando.cl\/blog\/wp-content\/uploads\/2026\/01\/Ley-de-envejecimiento-reabre-debate-sobre-trabajo-y-edad.png 1200w, https:\/\/www.trabajando.cl\/blog\/wp-content\/uploads\/2026\/01\/Ley-de-envejecimiento-reabre-debate-sobre-trabajo-y-edad-300x150.png 300w, https:\/\/www.trabajando.cl\/blog\/wp-content\/uploads\/2026\/01\/Ley-de-envejecimiento-reabre-debate-sobre-trabajo-y-edad-1024x512.png 1024w, https:\/\/www.trabajando.cl\/blog\/wp-content\/uploads\/2026\/01\/Ley-de-envejecimiento-reabre-debate-sobre-trabajo-y-edad-768x384.png 768w\" sizes=\"(max-width: 1200px) 100vw, 1200px\" \/><\/a><\/figure><\/div>\n\n\n\n<div class=\"wp-block-column is-vertically-aligned-center is-layout-flow\" style=\"flex-basis:75%\"><h5 class=\"wp-block-post-title\"><a href=\"https:\/\/www.trabajando.cl\/blog\/ley-de-envejecimiento-reabre-debate-sobre-trabajo-y-edad\/\" target=\"_self\" >Ley de envejecimiento reabre debate sobre trabajo y edad<\/a><\/h5><\/div>\n<\/div>\n\n<\/li><\/ul><\/div>\n\n\n\n<div style=\"height:30px\" aria-hidden=\"true\" class=\"wp-block-spacer\"><\/div>\n\n\n\n<p><\/p>\n","protected":false},"excerpt":{"rendered":"<p>Te explicamos por qu\u00e9 es una buena idea capacitarse en TI para aumentar tus posibilidades de desarrollo profesional.<\/p>\n","protected":false},"author":22,"featured_media":5321,"comment_status":"closed","ping_status":"closed","sticky":false,"template":"","format":"standard","meta":{"inline_featured_image":false},"categories":[38,37],"tags":[152,42,124],"yoast_head":"<!-- This site is optimized with the Yoast SEO plugin v20.5 - https:\/\/yoast.com\/wordpress\/plugins\/seo\/ -->\n<title>Reconversi\u00f3n laboral digital: Una oportunidad para el futuro. - Blog Trabajando.com<\/title>\n<meta name=\"description\" content=\"Descubre las ventajas de la reconversi\u00f3n laboral y en qu\u00e9 \u00e1reas puedes especializarte para llevar tu perfil profesional al siguiente nivel.\" \/>\n<meta name=\"robots\" content=\"index, follow, max-snippet:-1, max-image-preview:large, max-video-preview:-1\" \/>\n<link rel=\"canonical\" href=\"https:\/\/www.trabajando.cl\/blog\/reconversion-laboral-digital-una-oportunidad-para-el-futuro\/\" \/>\n<meta property=\"og:locale\" content=\"es_ES\" \/>\n<meta property=\"og:type\" content=\"article\" \/>\n<meta property=\"og:title\" content=\"Reconversi\u00f3n laboral digital: Una oportunidad para el futuro. - Blog Trabajando.com\" \/>\n<meta property=\"og:description\" content=\"Descubre las ventajas de la reconversi\u00f3n laboral y en qu\u00e9 \u00e1reas puedes especializarte para llevar tu perfil profesional al siguiente nivel.\" \/>\n<meta property=\"og:url\" content=\"https:\/\/www.trabajando.cl\/blog\/reconversion-laboral-digital-una-oportunidad-para-el-futuro\/\" \/>\n<meta property=\"og:site_name\" content=\"Blog Trabajando.com\" \/>\n<meta property=\"article:published_time\" content=\"2023-10-25T16:11:58+00:00\" \/>\n<meta property=\"article:modified_time\" content=\"2023-10-25T16:22:10+00:00\" \/>\n<meta property=\"og:image\" content=\"https:\/\/www.trabajando.cl\/blog\/wp-content\/uploads\/2023\/10\/banner-blog-TD.png\" \/>\n\t<meta property=\"og:image:width\" content=\"1200\" \/>\n\t<meta property=\"og:image:height\" content=\"600\" \/>\n\t<meta property=\"og:image:type\" content=\"image\/png\" \/>\n<meta name=\"author\" content=\"appuser\" \/>\n<meta name=\"twitter:card\" content=\"summary_large_image\" \/>\n<meta name=\"twitter:label1\" content=\"Escrito por\" \/>\n\t<meta name=\"twitter:data1\" content=\"appuser\" \/>\n\t<meta name=\"twitter:label2\" content=\"Tiempo de lectura\" \/>\n\t<meta name=\"twitter:data2\" content=\"4 minutos\" \/>\n<script type=\"application\/ld+json\" class=\"yoast-schema-graph\">{\"@context\":\"https:\/\/schema.org\",\"@graph\":[{\"@type\":\"WebPage\",\"@id\":\"https:\/\/www.trabajando.cl\/blog\/reconversion-laboral-digital-una-oportunidad-para-el-futuro\/\",\"url\":\"https:\/\/www.trabajando.cl\/blog\/reconversion-laboral-digital-una-oportunidad-para-el-futuro\/\",\"name\":\"Reconversi\u00f3n laboral digital: Una oportunidad para el futuro. - Blog Trabajando.com\",\"isPartOf\":{\"@id\":\"https:\/\/www.trabajando.cl\/blog\/#website\"},\"datePublished\":\"2023-10-25T16:11:58+00:00\",\"dateModified\":\"2023-10-25T16:22:10+00:00\",\"author\":{\"@id\":\"https:\/\/www.trabajando.cl\/blog\/#\/schema\/person\/a9970f4bd5bba153c1085154c52f45ef\"},\"description\":\"Descubre las ventajas de la reconversi\u00f3n laboral y en qu\u00e9 \u00e1reas puedes especializarte para llevar tu perfil profesional al siguiente nivel.\",\"breadcrumb\":{\"@id\":\"https:\/\/www.trabajando.cl\/blog\/reconversion-laboral-digital-una-oportunidad-para-el-futuro\/#breadcrumb\"},\"inLanguage\":\"es\",\"potentialAction\":[{\"@type\":\"ReadAction\",\"target\":[\"https:\/\/www.trabajando.cl\/blog\/reconversion-laboral-digital-una-oportunidad-para-el-futuro\/\"]}]},{\"@type\":\"BreadcrumbList\",\"@id\":\"https:\/\/www.trabajando.cl\/blog\/reconversion-laboral-digital-una-oportunidad-para-el-futuro\/#breadcrumb\",\"itemListElement\":[{\"@type\":\"ListItem\",\"position\":1,\"name\":\"Home\",\"item\":\"https:\/\/www.trabajando.cl\/blog\/\"},{\"@type\":\"ListItem\",\"position\":2,\"name\":\"Reconversi\u00f3n laboral digital: Una oportunidad para el futuro.\"}]},{\"@type\":\"WebSite\",\"@id\":\"https:\/\/www.trabajando.cl\/blog\/#website\",\"url\":\"https:\/\/www.trabajando.cl\/blog\/\",\"name\":\"Blog Trabajando.com\",\"description\":\"Noticias, tips y consejos de trabajo en Chile. Informaci\u00f3n y \u00faltimas tendencias sobre el mercado laboral.\",\"potentialAction\":[{\"@type\":\"SearchAction\",\"target\":{\"@type\":\"EntryPoint\",\"urlTemplate\":\"https:\/\/www.trabajando.cl\/blog\/?s={search_term_string}\"},\"query-input\":\"required name=search_term_string\"}],\"inLanguage\":\"es\"},{\"@type\":\"Person\",\"@id\":\"https:\/\/www.trabajando.cl\/blog\/#\/schema\/person\/a9970f4bd5bba153c1085154c52f45ef\",\"name\":\"appuser\",\"image\":{\"@type\":\"ImageObject\",\"inLanguage\":\"es\",\"@id\":\"https:\/\/www.trabajando.cl\/blog\/#\/schema\/person\/image\/\",\"url\":\"https:\/\/secure.gravatar.com\/avatar\/2e7990143d3a5ecbe827c042f5393d37?s=96&d=mm&r=g\",\"contentUrl\":\"https:\/\/secure.gravatar.com\/avatar\/2e7990143d3a5ecbe827c042f5393d37?s=96&d=mm&r=g\",\"caption\":\"appuser\"},\"url\":\"https:\/\/www.trabajando.cl\/blog\/author\/appuser\/\"}]}<\/script>\n<!-- \/ Yoast SEO plugin. -->","yoast_head_json":{"title":"Reconversi\u00f3n laboral digital: Una oportunidad para el futuro. - Blog Trabajando.com","description":"Descubre las ventajas de la reconversi\u00f3n laboral y en qu\u00e9 \u00e1reas puedes especializarte para llevar tu perfil profesional al siguiente nivel.","robots":{"index":"index","follow":"follow","max-snippet":"max-snippet:-1","max-image-preview":"max-image-preview:large","max-video-preview":"max-video-preview:-1"},"canonical":"https:\/\/www.trabajando.cl\/blog\/reconversion-laboral-digital-una-oportunidad-para-el-futuro\/","og_locale":"es_ES","og_type":"article","og_title":"Reconversi\u00f3n laboral digital: Una oportunidad para el futuro. - Blog Trabajando.com","og_description":"Descubre las ventajas de la reconversi\u00f3n laboral y en qu\u00e9 \u00e1reas puedes especializarte para llevar tu perfil profesional al siguiente nivel.","og_url":"https:\/\/www.trabajando.cl\/blog\/reconversion-laboral-digital-una-oportunidad-para-el-futuro\/","og_site_name":"Blog Trabajando.com","article_published_time":"2023-10-25T16:11:58+00:00","article_modified_time":"2023-10-25T16:22:10+00:00","og_image":[{"width":1200,"height":600,"url":"https:\/\/www.trabajando.cl\/blog\/wp-content\/uploads\/2023\/10\/banner-blog-TD.png","type":"image\/png"}],"author":"appuser","twitter_card":"summary_large_image","twitter_misc":{"Escrito por":"appuser","Tiempo de lectura":"4 minutos"},"schema":{"@context":"https:\/\/schema.org","@graph":[{"@type":"WebPage","@id":"https:\/\/www.trabajando.cl\/blog\/reconversion-laboral-digital-una-oportunidad-para-el-futuro\/","url":"https:\/\/www.trabajando.cl\/blog\/reconversion-laboral-digital-una-oportunidad-para-el-futuro\/","name":"Reconversi\u00f3n laboral digital: Una oportunidad para el futuro. - Blog Trabajando.com","isPartOf":{"@id":"https:\/\/www.trabajando.cl\/blog\/#website"},"datePublished":"2023-10-25T16:11:58+00:00","dateModified":"2023-10-25T16:22:10+00:00","author":{"@id":"https:\/\/www.trabajando.cl\/blog\/#\/schema\/person\/a9970f4bd5bba153c1085154c52f45ef"},"description":"Descubre las ventajas de la reconversi\u00f3n laboral y en qu\u00e9 \u00e1reas puedes especializarte para llevar tu perfil profesional al siguiente nivel.","breadcrumb":{"@id":"https:\/\/www.trabajando.cl\/blog\/reconversion-laboral-digital-una-oportunidad-para-el-futuro\/#breadcrumb"},"inLanguage":"es","potentialAction":[{"@type":"ReadAction","target":["https:\/\/www.trabajando.cl\/blog\/reconversion-laboral-digital-una-oportunidad-para-el-futuro\/"]}]},{"@type":"BreadcrumbList","@id":"https:\/\/www.trabajando.cl\/blog\/reconversion-laboral-digital-una-oportunidad-para-el-futuro\/#breadcrumb","itemListElement":[{"@type":"ListItem","position":1,"name":"Home","item":"https:\/\/www.trabajando.cl\/blog\/"},{"@type":"ListItem","position":2,"name":"Reconversi\u00f3n laboral digital: Una oportunidad para el futuro."}]},{"@type":"WebSite","@id":"https:\/\/www.trabajando.cl\/blog\/#website","url":"https:\/\/www.trabajando.cl\/blog\/","name":"Blog Trabajando.com","description":"Noticias, tips y consejos de trabajo en Chile. Informaci\u00f3n y \u00faltimas tendencias sobre el mercado laboral.","potentialAction":[{"@type":"SearchAction","target":{"@type":"EntryPoint","urlTemplate":"https:\/\/www.trabajando.cl\/blog\/?s={search_term_string}"},"query-input":"required name=search_term_string"}],"inLanguage":"es"},{"@type":"Person","@id":"https:\/\/www.trabajando.cl\/blog\/#\/schema\/person\/a9970f4bd5bba153c1085154c52f45ef","name":"appuser","image":{"@type":"ImageObject","inLanguage":"es","@id":"https:\/\/www.trabajando.cl\/blog\/#\/schema\/person\/image\/","url":"https:\/\/secure.gravatar.com\/avatar\/2e7990143d3a5ecbe827c042f5393d37?s=96&d=mm&r=g","contentUrl":"https:\/\/secure.gravatar.com\/avatar\/2e7990143d3a5ecbe827c042f5393d37?s=96&d=mm&r=g","caption":"appuser"},"url":"https:\/\/www.trabajando.cl\/blog\/author\/appuser\/"}]}},"_links":{"self":[{"href":"https:\/\/www.trabajando.cl\/blog\/wp-json\/wp\/v2\/posts\/5317"}],"collection":[{"href":"https:\/\/www.trabajando.cl\/blog\/wp-json\/wp\/v2\/posts"}],"about":[{"href":"https:\/\/www.trabajando.cl\/blog\/wp-json\/wp\/v2\/types\/post"}],"author":[{"embeddable":true,"href":"https:\/\/www.trabajando.cl\/blog\/wp-json\/wp\/v2\/users\/22"}],"replies":[{"embeddable":true,"href":"https:\/\/www.trabajando.cl\/blog\/wp-json\/wp\/v2\/comments?post=5317"}],"version-history":[{"count":3,"href":"https:\/\/www.trabajando.cl\/blog\/wp-json\/wp\/v2\/posts\/5317\/revisions"}],"predecessor-version":[{"id":5324,"href":"https:\/\/www.trabajando.cl\/blog\/wp-json\/wp\/v2\/posts\/5317\/revisions\/5324"}],"wp:featuredmedia":[{"embeddable":true,"href":"https:\/\/www.trabajando.cl\/blog\/wp-json\/wp\/v2\/media\/5321"}],"wp:attachment":[{"href":"https:\/\/www.trabajando.cl\/blog\/wp-json\/wp\/v2\/media?parent=5317"}],"wp:term":[{"taxonomy":"category","embeddable":true,"href":"https:\/\/www.trabajando.cl\/blog\/wp-json\/wp\/v2\/categories?post=5317"},{"taxonomy":"post_tag","embeddable":true,"href":"https:\/\/www.trabajando.cl\/blog\/wp-json\/wp\/v2\/tags?post=5317"}],"curies":[{"name":"wp","href":"https:\/\/api.w.org\/{rel}","templated":true}]}}