{"id":5208,"date":"2023-08-11T14:19:31","date_gmt":"2023-08-11T17:19:31","guid":{"rendered":"https:\/\/www.trabajando.cl\/blog\/?p=5208"},"modified":"2023-08-11T14:19:37","modified_gmt":"2023-08-11T17:19:37","slug":"en-palabras-simples-un-newsletter-para-entender-el-mercado-laboral","status":"publish","type":"post","link":"https:\/\/www.trabajando.cl\/blog\/en-palabras-simples-un-newsletter-para-entender-el-mercado-laboral\/","title":{"rendered":"&#8220;En Palabras Simples&#8221;: Un newsletter para entender el Mercado Laboral"},"content":{"rendered":"\n<p class=\"has-medium-font-size\">Sabemos que el mercado laboral cambia constantemente. Factores como el contexto econ\u00f3mico, pol\u00edtico y nuevas tendencias tecnol\u00f3gicas de la cuarta revoluci\u00f3n industrial influyen directamente en \u00e9l. Por eso, es importante entender c\u00f3mo se mueve y de qu\u00e9 manera impacta tanto a quienes buscan empleo como a quienes contratan personal.<\/p>\n\n\n\n<div style=\"height:10px\" aria-hidden=\"true\" class=\"wp-block-spacer\"><\/div>\n\n\n\n<h2 class=\"wp-block-heading\">Pero, \u00bfC\u00f3mo entender estos cambios del mercado laboral?<\/h2>\n\n\n\n<p>Muchas veces esta informaci\u00f3n puede resultar confusa y dif\u00edcil de interpretar. As\u00ed que para abordar esta situaci\u00f3n, en <strong><a href=\"https:\/\/www.trabajando.cl\/\" target=\"_blank\" rel=\"noreferrer noopener\">Trabajando.com<\/a><\/strong> creamos <strong>&#8220;En Palabras Simples&#8221;: Un newsletter para entender el mercado laboral.<\/strong> Nuestra meta es ayudarte a comprender de manera sencilla todo lo que pasa en el mundo laboral y mantenerte informado cada mes.<\/p>\n\n\n\n<div style=\"height:15px\" aria-hidden=\"true\" class=\"wp-block-spacer\"><\/div>\n\n\n<div class=\"wp-block-image\">\n<figure class=\"aligncenter size-full\"><a href=\"https:\/\/docs.google.com\/forms\/d\/e\/1FAIpQLSdUOrjld9y8Kb1hQFSCx1nLepxDcAsHtPbJpTsFmq-UhKGnew\/viewform\" target=\"_blank\" rel=\"noreferrer noopener\"><img decoding=\"async\" loading=\"lazy\" width=\"600\" height=\"400\" src=\"https:\/\/www.trabajando.cl\/blog\/wp-content\/uploads\/2023\/08\/Banner-CTA-mobile-1.png\" alt=\"Vista previa de datos mensuales del mercado laboral que reciben los suscriptores al newsletter &quot;En palabras simples&quot; de Trabajando.com\" class=\"wp-image-5238\" srcset=\"https:\/\/www.trabajando.cl\/blog\/wp-content\/uploads\/2023\/08\/Banner-CTA-mobile-1.png 600w, https:\/\/www.trabajando.cl\/blog\/wp-content\/uploads\/2023\/08\/Banner-CTA-mobile-1-300x200.png 300w\" sizes=\"(max-width: 600px) 100vw, 600px\" \/><\/a><\/figure><\/div>\n\n\n<div style=\"height:15px\" aria-hidden=\"true\" class=\"wp-block-spacer\"><\/div>\n\n\n\n<h2 class=\"wp-block-heading\">Recibe las novedades del mercado laboral en tu bandeja de entrada.<\/h2>\n\n\n\n<p class=\"has-medium-font-size\">Simplificamos la informaci\u00f3n y te enviamos un bolet\u00edn f\u00e1cil de entender. \u00bfC\u00f3mo? Armamos secciones donde encontrar\u00e1s datos sobre:<\/p>\n\n\n\n<h3 class=\"wp-block-heading\"><strong>Informaci\u00f3n P\u00fablica sobre el Empleo en Chile<\/strong>:<\/h3>\n\n\n\n<p>Presentamos indicadores relevantes proporcionados por instituciones reconocidas a nivel nacional. <br>Un dato fundamental a considerar es la \u201ctasa de desempleo\u201d, \u00e9sta se mide a trav\u00e9s de la Encuesta Nacional de Empleo (ENE), que mes a mes eval\u00faa cu\u00e1ntas personas est\u00e1n trabajando, cu\u00e1ntas est\u00e1n buscando trabajo activamente pero se encuentran desempleadas, as\u00ed como otros datos relevantes. Exponemos la tasa de desempleo a nivel general, por g\u00e9nero y en la Regi\u00f3n Metropolitana, la cual concentra la mayor cantidad de empleos en el pa\u00eds. Tambi\u00e9n analizamos el trabajo informal, que representa a personas que trabajan sin contrato y sin seguridad social, dej\u00e1ndolos en una posici\u00f3n vulnerable.<\/p>\n\n\n\n<p>Adem\u00e1s, a trav\u00e9s de informaci\u00f3n de la Direcci\u00f3n del Trabajo, mostramos la evoluci\u00f3n de despidos por necesidades de la empresa (qu\u00e9 corresponden a motivos ajenos a los colaboradores), proporcionando una visi\u00f3n m\u00e1s completa del dinamismo del mercado laboral y la situaci\u00f3n de b\u00fasqueda de empleo y contrataciones en el pa\u00eds.<\/p>\n\n\n\n<div style=\"height:10px\" aria-hidden=\"true\" class=\"wp-block-spacer\"><\/div>\n\n\n\n<h3 class=\"wp-block-heading\"><strong>Datos de Trabajando.com<\/strong>:<\/h3>\n\n\n\n<p>Utilizamos informaci\u00f3n de nuestra plataforma Trabajando.com, donde m\u00e1s de 7 mil empresas publican sus avisos y recibimos m\u00e1s de 5 millones de postulaciones cada a\u00f1o. Esta valiosa data nos ayuda a entender detalladamente c\u00f3mo se mueve el mercado laboral en tiempo real.<\/p>\n\n\n\n<ul>\n<li><strong>Top 5 de vacantes disponibles seg\u00fan rubro<\/strong>: Es importante primero entender la diferencia entre avisos y vacantes, los avisos son las publicaciones de empleo, mientras que las vacantes son los puestos de trabajo ofrecidos en cada aviso. Presentamos los cinco rubros con m\u00e1s ofertas de trabajo cada mes y evaluamos su dinamismo en comparaci\u00f3n con el a\u00f1o anterior. Esto nos da una idea de c\u00f3mo evolucionan las oportunidades laborales en los sectores m\u00e1s impactantes, y marca una tendencia en los \u00edndices de desempleo en el pa\u00eds.<\/li>\n\n\n\n<li><strong>Diferencias salariales ofrecidas por las empresas versus solicitadas por los candidatos<\/strong>: Analizamos las diferencias salariales seg\u00fan la jerarqu\u00eda de cargos en las empresas, comparando lo que ofrecen con las expectativas salariales de los candidatos al postularse. Esto nos permite comprender las disparidades entre lo que se ofrece y lo que se busca, y c\u00f3mo influye la oferta y la demanda en este aspecto.<\/li>\n\n\n\n<li><strong>Postulaciones seg\u00fan jerarqu\u00edas de cargos<\/strong>: Mostramos el n\u00famero total de postulaciones recibidas y las desglosamos por jerarqu\u00edas (gerentes, subgerentes, jefes y empleados). Comparamos las postulaciones del mes actual con las del mes anterior para identificar cambios y tendencias en la b\u00fasqueda de empleo.<\/li>\n<\/ul>\n\n\n\n<div style=\"height:15px\" aria-hidden=\"true\" class=\"wp-block-spacer\"><\/div>\n\n\n<div class=\"wp-block-image\">\n<figure class=\"aligncenter size-full is-resized\"><a href=\"https:\/\/docs.google.com\/forms\/d\/e\/1FAIpQLSdUOrjld9y8Kb1hQFSCx1nLepxDcAsHtPbJpTsFmq-UhKGnew\/viewform\" target=\"_blank\" rel=\"noreferrer noopener\"><img decoding=\"async\" loading=\"lazy\" src=\"https:\/\/www.trabajando.cl\/blog\/wp-content\/uploads\/2023\/08\/Banner-suscripcion-newsletterEPS.png\" alt=\"\" class=\"wp-image-5237\" width=\"516\" height=\"344\" srcset=\"https:\/\/www.trabajando.cl\/blog\/wp-content\/uploads\/2023\/08\/Banner-suscripcion-newsletterEPS.png 600w, https:\/\/www.trabajando.cl\/blog\/wp-content\/uploads\/2023\/08\/Banner-suscripcion-newsletterEPS-300x200.png 300w\" sizes=\"(max-width: 516px) 100vw, 516px\" \/><\/a><\/figure><\/div>\n\n\n<div style=\"height:15px\" aria-hidden=\"true\" class=\"wp-block-spacer\"><\/div>\n\n\n\n<p><strong>Con estos datos tendr\u00e1s una fotograf\u00eda m\u00e1s clara del mercado laboral y te permitir\u00e1 anticipar su evoluci\u00f3n. Cada mes, presentaremos una nueva versi\u00f3n del bolet\u00edn para reflejar los cambios que se producen en nuestro pa\u00eds.<\/strong><\/p>\n\n\n\n<div style=\"height:25px\" aria-hidden=\"true\" class=\"wp-block-spacer\"><\/div>\n\n\n\n<p class=\"has-medium-font-size\"><strong>\u00a1Suscr\u00edbete a nuestro bolet\u00edn mensual y mantente a la vanguardia del mercado laboral!<\/strong> Obt\u00e9n acceso exclusivo a indicadores clave, tendencias de empleo y datos actualizados. No pierdas la oportunidad de estar un paso adelante en el mundo laboral.&nbsp;<\/p>\n\n\n\n<div style=\"height:30px\" aria-hidden=\"true\" class=\"wp-block-spacer\"><\/div>\n\n\n\n<div style=\"height:0px\" aria-hidden=\"true\" class=\"wp-block-spacer\"><\/div>\n\n\n\n<div class=\"wp-block-buttons is-content-justification-center is-layout-flex wp-container-1\">\n<div class=\"wp-block-button has-custom-font-size is-style-fill has-medium-font-size\"><a class=\"wp-block-button__link has-white-color has-text-color has-background has-text-align-center wp-element-button\" href=\"https:\/\/docs.google.com\/forms\/d\/e\/1FAIpQLSdUOrjld9y8Kb1hQFSCx1nLepxDcAsHtPbJpTsFmq-UhKGnew\/viewform\" style=\"border-radius:100px;background-color:#0077c8\" target=\"_blank\" rel=\"noreferrer noopener\"><strong>Suscr\u00edbete a &#8220;En palabras simples&#8221;<\/strong><\/a><\/div>\n<\/div>\n","protected":false},"excerpt":{"rendered":"<p>Sabemos que el mercado laboral cambia constantemente. Factores como el contexto econ\u00f3mico, pol\u00edtico y nuevas tendencias tecnol\u00f3gicas de la cuarta revoluci\u00f3n industrial influyen directamente en \u00e9l. Por eso, es importante entender c\u00f3mo se mueve y de qu\u00e9 manera impacta tanto a quienes buscan empleo como a quienes contratan personal. Pero, \u00bfC\u00f3mo entender estos cambios del [&hellip;]<\/p>\n","protected":false},"author":22,"featured_media":5236,"comment_status":"closed","ping_status":"closed","sticky":false,"template":"","format":"standard","meta":{"inline_featured_image":false},"categories":[10,37],"tags":[75,11],"yoast_head":"<!-- This site is optimized with the Yoast SEO plugin v20.5 - https:\/\/yoast.com\/wordpress\/plugins\/seo\/ -->\n<title>&quot;En Palabras Simples&quot;: Un newsletter para entender el Mercado Laboral - Blog Trabajando.com<\/title>\n<meta name=\"description\" content=\"Simplificamos la informaci\u00f3n del Mercado Laboral y te enviamos un bolet\u00edn f\u00e1cil de entender. Suscr\u00edbete al newsletter &quot;En palabras simples&quot;.\" \/>\n<meta name=\"robots\" content=\"index, follow, max-snippet:-1, max-image-preview:large, max-video-preview:-1\" \/>\n<link rel=\"canonical\" href=\"https:\/\/www.trabajando.cl\/blog\/en-palabras-simples-un-newsletter-para-entender-el-mercado-laboral\/\" \/>\n<meta property=\"og:locale\" content=\"es_ES\" \/>\n<meta property=\"og:type\" content=\"article\" \/>\n<meta property=\"og:title\" content=\"&quot;En Palabras Simples&quot;: Un newsletter para entender el Mercado Laboral - Blog Trabajando.com\" \/>\n<meta property=\"og:description\" content=\"Simplificamos la informaci\u00f3n del Mercado Laboral y te enviamos un bolet\u00edn f\u00e1cil de entender. Suscr\u00edbete al newsletter &quot;En palabras simples&quot;.\" \/>\n<meta property=\"og:url\" content=\"https:\/\/www.trabajando.cl\/blog\/en-palabras-simples-un-newsletter-para-entender-el-mercado-laboral\/\" \/>\n<meta property=\"og:site_name\" content=\"Blog Trabajando.com\" \/>\n<meta property=\"article:published_time\" content=\"2023-08-11T17:19:31+00:00\" \/>\n<meta property=\"article:modified_time\" content=\"2023-08-11T17:19:37+00:00\" \/>\n<meta property=\"og:image\" content=\"https:\/\/www.trabajando.cl\/blog\/wp-content\/uploads\/2023\/08\/Mercado-laboral.png\" \/>\n\t<meta property=\"og:image:width\" content=\"1200\" \/>\n\t<meta property=\"og:image:height\" content=\"600\" \/>\n\t<meta property=\"og:image:type\" content=\"image\/png\" \/>\n<meta name=\"author\" content=\"appuser\" \/>\n<meta name=\"twitter:card\" content=\"summary_large_image\" \/>\n<meta name=\"twitter:label1\" content=\"Escrito por\" \/>\n\t<meta name=\"twitter:data1\" content=\"appuser\" \/>\n\t<meta name=\"twitter:label2\" content=\"Tiempo de lectura\" \/>\n\t<meta name=\"twitter:data2\" content=\"4 minutos\" \/>\n<script type=\"application\/ld+json\" class=\"yoast-schema-graph\">{\"@context\":\"https:\/\/schema.org\",\"@graph\":[{\"@type\":\"WebPage\",\"@id\":\"https:\/\/www.trabajando.cl\/blog\/en-palabras-simples-un-newsletter-para-entender-el-mercado-laboral\/\",\"url\":\"https:\/\/www.trabajando.cl\/blog\/en-palabras-simples-un-newsletter-para-entender-el-mercado-laboral\/\",\"name\":\"\\\"En Palabras Simples\\\": Un newsletter para entender el Mercado Laboral - Blog Trabajando.com\",\"isPartOf\":{\"@id\":\"https:\/\/www.trabajando.cl\/blog\/#website\"},\"datePublished\":\"2023-08-11T17:19:31+00:00\",\"dateModified\":\"2023-08-11T17:19:37+00:00\",\"author\":{\"@id\":\"https:\/\/www.trabajando.cl\/blog\/#\/schema\/person\/a9970f4bd5bba153c1085154c52f45ef\"},\"description\":\"Simplificamos la informaci\u00f3n del Mercado Laboral y te enviamos un bolet\u00edn f\u00e1cil de entender. Suscr\u00edbete al newsletter \\\"En palabras simples\\\".\",\"breadcrumb\":{\"@id\":\"https:\/\/www.trabajando.cl\/blog\/en-palabras-simples-un-newsletter-para-entender-el-mercado-laboral\/#breadcrumb\"},\"inLanguage\":\"es\",\"potentialAction\":[{\"@type\":\"ReadAction\",\"target\":[\"https:\/\/www.trabajando.cl\/blog\/en-palabras-simples-un-newsletter-para-entender-el-mercado-laboral\/\"]}]},{\"@type\":\"BreadcrumbList\",\"@id\":\"https:\/\/www.trabajando.cl\/blog\/en-palabras-simples-un-newsletter-para-entender-el-mercado-laboral\/#breadcrumb\",\"itemListElement\":[{\"@type\":\"ListItem\",\"position\":1,\"name\":\"Home\",\"item\":\"https:\/\/www.trabajando.cl\/blog\/\"},{\"@type\":\"ListItem\",\"position\":2,\"name\":\"&#8220;En Palabras Simples&#8221;: Un newsletter para entender el Mercado Laboral\"}]},{\"@type\":\"WebSite\",\"@id\":\"https:\/\/www.trabajando.cl\/blog\/#website\",\"url\":\"https:\/\/www.trabajando.cl\/blog\/\",\"name\":\"Blog Trabajando.com\",\"description\":\"Noticias, tips y consejos de trabajo en Chile. Informaci\u00f3n y \u00faltimas tendencias sobre el mercado laboral.\",\"potentialAction\":[{\"@type\":\"SearchAction\",\"target\":{\"@type\":\"EntryPoint\",\"urlTemplate\":\"https:\/\/www.trabajando.cl\/blog\/?s={search_term_string}\"},\"query-input\":\"required name=search_term_string\"}],\"inLanguage\":\"es\"},{\"@type\":\"Person\",\"@id\":\"https:\/\/www.trabajando.cl\/blog\/#\/schema\/person\/a9970f4bd5bba153c1085154c52f45ef\",\"name\":\"appuser\",\"image\":{\"@type\":\"ImageObject\",\"inLanguage\":\"es\",\"@id\":\"https:\/\/www.trabajando.cl\/blog\/#\/schema\/person\/image\/\",\"url\":\"https:\/\/secure.gravatar.com\/avatar\/2e7990143d3a5ecbe827c042f5393d37?s=96&d=mm&r=g\",\"contentUrl\":\"https:\/\/secure.gravatar.com\/avatar\/2e7990143d3a5ecbe827c042f5393d37?s=96&d=mm&r=g\",\"caption\":\"appuser\"},\"url\":\"https:\/\/www.trabajando.cl\/blog\/author\/appuser\/\"}]}<\/script>\n<!-- \/ Yoast SEO plugin. -->","yoast_head_json":{"title":"\"En Palabras Simples\": Un newsletter para entender el Mercado Laboral - Blog Trabajando.com","description":"Simplificamos la informaci\u00f3n del Mercado Laboral y te enviamos un bolet\u00edn f\u00e1cil de entender. Suscr\u00edbete al newsletter \"En palabras simples\".","robots":{"index":"index","follow":"follow","max-snippet":"max-snippet:-1","max-image-preview":"max-image-preview:large","max-video-preview":"max-video-preview:-1"},"canonical":"https:\/\/www.trabajando.cl\/blog\/en-palabras-simples-un-newsletter-para-entender-el-mercado-laboral\/","og_locale":"es_ES","og_type":"article","og_title":"\"En Palabras Simples\": Un newsletter para entender el Mercado Laboral - Blog Trabajando.com","og_description":"Simplificamos la informaci\u00f3n del Mercado Laboral y te enviamos un bolet\u00edn f\u00e1cil de entender. Suscr\u00edbete al newsletter \"En palabras simples\".","og_url":"https:\/\/www.trabajando.cl\/blog\/en-palabras-simples-un-newsletter-para-entender-el-mercado-laboral\/","og_site_name":"Blog Trabajando.com","article_published_time":"2023-08-11T17:19:31+00:00","article_modified_time":"2023-08-11T17:19:37+00:00","og_image":[{"width":1200,"height":600,"url":"https:\/\/www.trabajando.cl\/blog\/wp-content\/uploads\/2023\/08\/Mercado-laboral.png","type":"image\/png"}],"author":"appuser","twitter_card":"summary_large_image","twitter_misc":{"Escrito por":"appuser","Tiempo de lectura":"4 minutos"},"schema":{"@context":"https:\/\/schema.org","@graph":[{"@type":"WebPage","@id":"https:\/\/www.trabajando.cl\/blog\/en-palabras-simples-un-newsletter-para-entender-el-mercado-laboral\/","url":"https:\/\/www.trabajando.cl\/blog\/en-palabras-simples-un-newsletter-para-entender-el-mercado-laboral\/","name":"\"En Palabras Simples\": Un newsletter para entender el Mercado Laboral - Blog Trabajando.com","isPartOf":{"@id":"https:\/\/www.trabajando.cl\/blog\/#website"},"datePublished":"2023-08-11T17:19:31+00:00","dateModified":"2023-08-11T17:19:37+00:00","author":{"@id":"https:\/\/www.trabajando.cl\/blog\/#\/schema\/person\/a9970f4bd5bba153c1085154c52f45ef"},"description":"Simplificamos la informaci\u00f3n del Mercado Laboral y te enviamos un bolet\u00edn f\u00e1cil de entender. Suscr\u00edbete al newsletter \"En palabras simples\".","breadcrumb":{"@id":"https:\/\/www.trabajando.cl\/blog\/en-palabras-simples-un-newsletter-para-entender-el-mercado-laboral\/#breadcrumb"},"inLanguage":"es","potentialAction":[{"@type":"ReadAction","target":["https:\/\/www.trabajando.cl\/blog\/en-palabras-simples-un-newsletter-para-entender-el-mercado-laboral\/"]}]},{"@type":"BreadcrumbList","@id":"https:\/\/www.trabajando.cl\/blog\/en-palabras-simples-un-newsletter-para-entender-el-mercado-laboral\/#breadcrumb","itemListElement":[{"@type":"ListItem","position":1,"name":"Home","item":"https:\/\/www.trabajando.cl\/blog\/"},{"@type":"ListItem","position":2,"name":"&#8220;En Palabras Simples&#8221;: Un newsletter para entender el Mercado Laboral"}]},{"@type":"WebSite","@id":"https:\/\/www.trabajando.cl\/blog\/#website","url":"https:\/\/www.trabajando.cl\/blog\/","name":"Blog Trabajando.com","description":"Noticias, tips y consejos de trabajo en Chile. Informaci\u00f3n y \u00faltimas tendencias sobre el mercado laboral.","potentialAction":[{"@type":"SearchAction","target":{"@type":"EntryPoint","urlTemplate":"https:\/\/www.trabajando.cl\/blog\/?s={search_term_string}"},"query-input":"required name=search_term_string"}],"inLanguage":"es"},{"@type":"Person","@id":"https:\/\/www.trabajando.cl\/blog\/#\/schema\/person\/a9970f4bd5bba153c1085154c52f45ef","name":"appuser","image":{"@type":"ImageObject","inLanguage":"es","@id":"https:\/\/www.trabajando.cl\/blog\/#\/schema\/person\/image\/","url":"https:\/\/secure.gravatar.com\/avatar\/2e7990143d3a5ecbe827c042f5393d37?s=96&d=mm&r=g","contentUrl":"https:\/\/secure.gravatar.com\/avatar\/2e7990143d3a5ecbe827c042f5393d37?s=96&d=mm&r=g","caption":"appuser"},"url":"https:\/\/www.trabajando.cl\/blog\/author\/appuser\/"}]}},"_links":{"self":[{"href":"https:\/\/www.trabajando.cl\/blog\/wp-json\/wp\/v2\/posts\/5208"}],"collection":[{"href":"https:\/\/www.trabajando.cl\/blog\/wp-json\/wp\/v2\/posts"}],"about":[{"href":"https:\/\/www.trabajando.cl\/blog\/wp-json\/wp\/v2\/types\/post"}],"author":[{"embeddable":true,"href":"https:\/\/www.trabajando.cl\/blog\/wp-json\/wp\/v2\/users\/22"}],"replies":[{"embeddable":true,"href":"https:\/\/www.trabajando.cl\/blog\/wp-json\/wp\/v2\/comments?post=5208"}],"version-history":[{"count":11,"href":"https:\/\/www.trabajando.cl\/blog\/wp-json\/wp\/v2\/posts\/5208\/revisions"}],"predecessor-version":[{"id":5247,"href":"https:\/\/www.trabajando.cl\/blog\/wp-json\/wp\/v2\/posts\/5208\/revisions\/5247"}],"wp:featuredmedia":[{"embeddable":true,"href":"https:\/\/www.trabajando.cl\/blog\/wp-json\/wp\/v2\/media\/5236"}],"wp:attachment":[{"href":"https:\/\/www.trabajando.cl\/blog\/wp-json\/wp\/v2\/media?parent=5208"}],"wp:term":[{"taxonomy":"category","embeddable":true,"href":"https:\/\/www.trabajando.cl\/blog\/wp-json\/wp\/v2\/categories?post=5208"},{"taxonomy":"post_tag","embeddable":true,"href":"https:\/\/www.trabajando.cl\/blog\/wp-json\/wp\/v2\/tags?post=5208"}],"curies":[{"name":"wp","href":"https:\/\/api.w.org\/{rel}","templated":true}]}}