{"id":5184,"date":"2023-07-07T12:14:05","date_gmt":"2023-07-07T15:14:05","guid":{"rendered":"https:\/\/www.trabajando.cl\/blog\/?p=5184"},"modified":"2023-07-07T12:14:14","modified_gmt":"2023-07-07T15:14:14","slug":"inactividad-laboral-las-claves-para-reintegrarse-luego-de-una-pausa","status":"publish","type":"post","link":"https:\/\/www.trabajando.cl\/blog\/inactividad-laboral-las-claves-para-reintegrarse-luego-de-una-pausa\/","title":{"rendered":"Inactividad laboral: Las claves para reintegrarse luego de una pausa"},"content":{"rendered":"\n<p>La inactividad laboral es un tema que provoca inseguridades debido a que puede ser \u201cmal visto\u201d tener lagunas de tiempo en el CV. Pero, a veces, es necesario: Ya sea por asumir labores de cuidado, motivos de salud o por un cambio de carrera.&nbsp;<\/p>\n\n\n\n<p>Sabemos que este tipo de pausas puede prolongarse por un buen tiempo. Es por eso que en este art\u00edculo te contamos todo lo que debes saber si buscas regresar al mundo del trabajo luego de un per\u00edodo de inactividad laboral.<\/p>\n\n\n\n<div style=\"height:15px\" aria-hidden=\"true\" class=\"wp-block-spacer\"><\/div>\n\n\n<div class=\"wp-block-image\">\n<figure class=\"aligncenter size-full is-resized\"><img decoding=\"async\" loading=\"lazy\" src=\"https:\/\/www.trabajando.cl\/blog\/wp-content\/uploads\/2023\/07\/SOLE-boton-blog.png\" alt=\"\" class=\"wp-image-5185\" width=\"362\" height=\"241\" srcset=\"https:\/\/www.trabajando.cl\/blog\/wp-content\/uploads\/2023\/07\/SOLE-boton-blog.png 600w, https:\/\/www.trabajando.cl\/blog\/wp-content\/uploads\/2023\/07\/SOLE-boton-blog-300x200.png 300w\" sizes=\"(max-width: 362px) 100vw, 362px\" \/><\/figure><\/div>\n\n\n<div style=\"height:15px\" aria-hidden=\"true\" class=\"wp-block-spacer\"><\/div>\n\n\n\n<h2 class=\"wp-block-heading\">Volver a empezar<\/h2>\n\n\n\n<p>Dar el primer paso siempre es un desaf\u00edo, especialmente cuando te das cuenta de que el mercado laboral siempre est\u00e1 cambiando. Por eso, cuando se pasa mucho tiempo fuera del trabajo es fundamental tener la capacidad de entender esos cambios: Necesitamos mantenernos actualizados para saber lo que est\u00e1 pasando y as\u00ed adaptarnos con rapidez.<\/p>\n\n\n\n<p>Si este es tu caso y buscas volver a trabajar despu\u00e9s de un per\u00edodo de inactividad, te compartimos algunas estrategias que te ayudar\u00e1n a superar con \u00e9xito esta etapa:<\/p>\n\n\n\n<div style=\"height:25px\" aria-hidden=\"true\" class=\"wp-block-spacer\"><\/div>\n\n\n\n<h2 class=\"wp-block-heading\">Estas son las claves que debes considerar para tu proceso de retorno al trabajo despu\u00e9s de un per\u00edodo de inactividad laboral:<\/h2>\n\n\n\n<div style=\"height:15px\" aria-hidden=\"true\" class=\"wp-block-spacer\"><\/div>\n\n\n\n<h3 class=\"wp-block-heading\">1. Actualiza y suma habilidades<\/h3>\n\n\n\n<p>Mientras est\u00e9s fuera del mercado laboral, es importante mantenerse actualizado con las \u00faltimas tendencias. Tomar cursos online, talleres o charlas sirve mucho para reducir la brecha entre tu ausencia y las demandas del mercado laboral, adem\u00e1s de demostrar compromiso y voluntad de tu parte por aprender.<\/p>\n\n\n\n<div style=\"height:15px\" aria-hidden=\"true\" class=\"wp-block-spacer\"><\/div>\n\n\n\n<h3 class=\"wp-block-heading\">2. Networking y contactos<\/h3>\n\n\n\n<p>Reactiva tus conexiones laborales para que sepan que est\u00e1s buscando un nuevo desaf\u00edo: Participa en eventos relacionados a tu industria, \u00fanete a grupos en l\u00ednea y ponte en contacto con antiguos colegas. \u00a1Todo suma!&nbsp;<\/p>\n\n\n\n<div style=\"height:15px\" aria-hidden=\"true\" class=\"wp-block-spacer\"><\/div>\n\n\n\n<h3 class=\"wp-block-heading\">3. Revisa y adapta tu curr\u00edculum<\/h3>\n\n\n\n<p>No le temas a las lagunas: Enfr\u00e9ntalas con inteligencia. Actualiza tu CV y ad\u00e1ptalo a las necesidades actuales destacando esas habilidades que adquiriste durante el tiempo fuera, junto con actividades voluntarias o proyectos independientes. Esto te ayudar\u00e1 a demostrar tu capacidad de mantenerte comprometido y activo mientras estabas ausente.<\/p>\n\n\n\n<p>No olvides resaltar los logros y experiencias relevantes anteriores para el campo laboral de tu inter\u00e9s.<\/p>\n\n\n\n<div style=\"height:15px\" aria-hidden=\"true\" class=\"wp-block-spacer\"><\/div>\n\n\n\n<h3 class=\"wp-block-heading\">4. Practica tus entrevistas<\/h3>\n\n\n\n<p>Despu\u00e9s de un tiempo fuera del mercado, probablemente necesites ayuda con tus habilidades de comunicaci\u00f3n para la entrevista. Practica con familiares o amigos para que tengas m\u00e1s confianza y mejores tus respuestas a las preguntas m\u00e1s comunes. Recuerda prestar atenci\u00f3n a tus habilidades de comunicaci\u00f3n verbal y no verbal, como la expresi\u00f3n corporal, postura y dicci\u00f3n,&nbsp;<\/p>\n\n\n\n<div style=\"height:15px\" aria-hidden=\"true\" class=\"wp-block-spacer\"><\/div>\n\n\n\n<h3 class=\"wp-block-heading\">5. Ten una mentalidad positiva y persevera<\/h3>\n\n\n\n<p>No te asustes si tu regreso al trabajo te lleva tiempo. Es fundamental mantener una mentalidad positiva y no desanimarse por posibles rechazos o demoras. Ten claro que lo importante es la reincorporaci\u00f3n, m\u00e1s que encontrar el trabajo de tus sue\u00f1os. Una vez dentro, te ser\u00e1 m\u00e1s f\u00e1cil moverte y encontrar oportunidades que se ajusten m\u00e1s a tu trabajo ideal.<\/p>\n\n\n\n<div style=\"height:15px\" aria-hidden=\"true\" class=\"wp-block-spacer\"><\/div>\n\n\n\n<h3 class=\"wp-block-heading\">6. Considera opciones flexibles<\/h3>\n\n\n\n<p>Si te resulta dif\u00edcil encontrar un trabajo a tiempo completo, considera la posibilidad de buscar empleos de media jornada o reemplazos. Esto te ayudar\u00e1 a sumar experiencia y volver a acostumbrarte al ritmo de trabajo.<\/p>\n\n\n\n<p>Otra forma de flexibilizar tu b\u00fasqueda es tener varias opciones de cargo para tu b\u00fasqueda, as\u00ed podr\u00e1s aumentar las opciones de reincorporaci\u00f3n.<\/p>\n\n\n\n<div style=\"height:100px\" aria-hidden=\"true\" class=\"wp-block-spacer\"><\/div>\n\n\n\n<h4 class=\"wp-block-heading\" id=\"block-550326bf-c009-4c13-9118-cf37a5fff097\"><strong>Lee m\u00e1s art\u00edculos relacionados:<\/strong><\/h4>\n\n\n\n<p><a href=\"https:\/\/www.trabajando.cl\/blog\/5-razones-por-las-que-no-te-llaman-a-una-entrevista-de-trabajo\/\" target=\"_blank\" rel=\"noreferrer noopener\">5 Razones por las que no te llaman a una entrevista de trabajo y c\u00f3mo solucionarlas<\/a><\/p>\n\n\n\n<p><a href=\"https:\/\/www.trabajando.cl\/blog\/conoce-el-servicio-de-orientacion-en-linea-de-sence\/\" target=\"_blank\" rel=\"noreferrer noopener\">Conoce el servicio gratuito de Orientaci\u00f3n en l\u00ednea<\/a><\/p>\n\n\n\n<p id=\"block-a4bc56b8-8eee-4c95-b5c0-8ebe1cdb6734\"><a href=\"https:\/\/www.trabajando.cl\/blog\/como-prepararte-mejor-para-tus-entrevistas-de-trabajo\/\" target=\"_blank\" rel=\"noreferrer noopener\">\u00bfC\u00f3mo prepararte mejor para tu entrevista de trabajo?<\/a><\/p>\n\n\n\n<p><a href=\"https:\/\/www.trabajando.cl\/blog\/cosas-que-no-se-deberian-preguntar-en-una-entrevista-de-trabajo\/\" target=\"_blank\" rel=\"noreferrer noopener\">Entrevista de trabajo: Esto es lo que no te deben preguntar<\/a><\/p>\n\n\n\n<div style=\"height:50px\" aria-hidden=\"true\" class=\"wp-block-spacer\"><\/div>\n\n\n\n<p><em>Por:&nbsp;<a href=\"https:\/\/www.linkedin.com\/in\/javierareyesfuentes\/\" target=\"_blank\" rel=\"noreferrer noopener\">Javiera Reyes<\/a>&nbsp;\u2013 Growth Specialist en&nbsp;<a href=\"https:\/\/www.trabajando.cl\/\" target=\"_blank\" rel=\"noreferrer noopener\">Trabajando.com<\/a><\/em><\/p>\n","protected":false},"excerpt":{"rendered":"<p>Si buscas volver a trabajar despu\u00e9s de un per\u00edodo de inactividad laboral, te compartimos 6 consejos que te ayudar\u00e1n a lograrlo.<\/p>\n","protected":false},"author":22,"featured_media":5187,"comment_status":"closed","ping_status":"closed","sticky":false,"template":"","format":"standard","meta":{"inline_featured_image":false},"categories":[38,36],"tags":[152,75,59],"yoast_head":"<!-- This site is optimized with the Yoast SEO plugin v20.5 - https:\/\/yoast.com\/wordpress\/plugins\/seo\/ -->\n<title>Inactividad laboral: Las claves para reintegrarse luego de una pausa - Blog Trabajando.com<\/title>\n<meta name=\"description\" content=\"Si buscas volver a trabajar despu\u00e9s de un per\u00edodo de inactividad laboral, te dejamos 6 consejos que te ayudar\u00e1n a lograrlo.\" \/>\n<meta name=\"robots\" content=\"index, follow, max-snippet:-1, max-image-preview:large, max-video-preview:-1\" \/>\n<link rel=\"canonical\" href=\"https:\/\/www.trabajando.cl\/blog\/inactividad-laboral-las-claves-para-reintegrarse-luego-de-una-pausa\/\" \/>\n<meta property=\"og:locale\" content=\"es_ES\" \/>\n<meta property=\"og:type\" content=\"article\" \/>\n<meta property=\"og:title\" content=\"Inactividad laboral: Las claves para reintegrarse luego de una pausa - Blog Trabajando.com\" \/>\n<meta property=\"og:description\" content=\"Si buscas volver a trabajar despu\u00e9s de un per\u00edodo de inactividad laboral, te dejamos 6 consejos que te ayudar\u00e1n a lograrlo.\" \/>\n<meta property=\"og:url\" content=\"https:\/\/www.trabajando.cl\/blog\/inactividad-laboral-las-claves-para-reintegrarse-luego-de-una-pausa\/\" \/>\n<meta property=\"og:site_name\" content=\"Blog Trabajando.com\" \/>\n<meta property=\"article:published_time\" content=\"2023-07-07T15:14:05+00:00\" \/>\n<meta property=\"article:modified_time\" content=\"2023-07-07T15:14:14+00:00\" \/>\n<meta property=\"og:image\" content=\"https:\/\/www.trabajando.cl\/blog\/wp-content\/uploads\/2023\/07\/Prueba-portada-nuevo-blog-1200x600-3.png\" \/>\n\t<meta property=\"og:image:width\" content=\"1200\" \/>\n\t<meta property=\"og:image:height\" content=\"600\" \/>\n\t<meta property=\"og:image:type\" content=\"image\/png\" \/>\n<meta name=\"author\" content=\"appuser\" \/>\n<meta name=\"twitter:card\" content=\"summary_large_image\" \/>\n<meta name=\"twitter:label1\" content=\"Escrito por\" \/>\n\t<meta name=\"twitter:data1\" content=\"appuser\" \/>\n\t<meta name=\"twitter:label2\" content=\"Tiempo de lectura\" \/>\n\t<meta name=\"twitter:data2\" content=\"3 minutos\" \/>\n<script type=\"application\/ld+json\" class=\"yoast-schema-graph\">{\"@context\":\"https:\/\/schema.org\",\"@graph\":[{\"@type\":\"WebPage\",\"@id\":\"https:\/\/www.trabajando.cl\/blog\/inactividad-laboral-las-claves-para-reintegrarse-luego-de-una-pausa\/\",\"url\":\"https:\/\/www.trabajando.cl\/blog\/inactividad-laboral-las-claves-para-reintegrarse-luego-de-una-pausa\/\",\"name\":\"Inactividad laboral: Las claves para reintegrarse luego de una pausa - Blog Trabajando.com\",\"isPartOf\":{\"@id\":\"https:\/\/www.trabajando.cl\/blog\/#website\"},\"datePublished\":\"2023-07-07T15:14:05+00:00\",\"dateModified\":\"2023-07-07T15:14:14+00:00\",\"author\":{\"@id\":\"https:\/\/www.trabajando.cl\/blog\/#\/schema\/person\/a9970f4bd5bba153c1085154c52f45ef\"},\"description\":\"Si buscas volver a trabajar despu\u00e9s de un per\u00edodo de inactividad laboral, te dejamos 6 consejos que te ayudar\u00e1n a lograrlo.\",\"breadcrumb\":{\"@id\":\"https:\/\/www.trabajando.cl\/blog\/inactividad-laboral-las-claves-para-reintegrarse-luego-de-una-pausa\/#breadcrumb\"},\"inLanguage\":\"es\",\"potentialAction\":[{\"@type\":\"ReadAction\",\"target\":[\"https:\/\/www.trabajando.cl\/blog\/inactividad-laboral-las-claves-para-reintegrarse-luego-de-una-pausa\/\"]}]},{\"@type\":\"BreadcrumbList\",\"@id\":\"https:\/\/www.trabajando.cl\/blog\/inactividad-laboral-las-claves-para-reintegrarse-luego-de-una-pausa\/#breadcrumb\",\"itemListElement\":[{\"@type\":\"ListItem\",\"position\":1,\"name\":\"Home\",\"item\":\"https:\/\/www.trabajando.cl\/blog\/\"},{\"@type\":\"ListItem\",\"position\":2,\"name\":\"Inactividad laboral: Las claves para reintegrarse luego de una pausa\"}]},{\"@type\":\"WebSite\",\"@id\":\"https:\/\/www.trabajando.cl\/blog\/#website\",\"url\":\"https:\/\/www.trabajando.cl\/blog\/\",\"name\":\"Blog Trabajando.com\",\"description\":\"Noticias, tips y consejos de trabajo en Chile. Informaci\u00f3n y \u00faltimas tendencias sobre el mercado laboral.\",\"potentialAction\":[{\"@type\":\"SearchAction\",\"target\":{\"@type\":\"EntryPoint\",\"urlTemplate\":\"https:\/\/www.trabajando.cl\/blog\/?s={search_term_string}\"},\"query-input\":\"required name=search_term_string\"}],\"inLanguage\":\"es\"},{\"@type\":\"Person\",\"@id\":\"https:\/\/www.trabajando.cl\/blog\/#\/schema\/person\/a9970f4bd5bba153c1085154c52f45ef\",\"name\":\"appuser\",\"image\":{\"@type\":\"ImageObject\",\"inLanguage\":\"es\",\"@id\":\"https:\/\/www.trabajando.cl\/blog\/#\/schema\/person\/image\/\",\"url\":\"https:\/\/secure.gravatar.com\/avatar\/2e7990143d3a5ecbe827c042f5393d37?s=96&d=mm&r=g\",\"contentUrl\":\"https:\/\/secure.gravatar.com\/avatar\/2e7990143d3a5ecbe827c042f5393d37?s=96&d=mm&r=g\",\"caption\":\"appuser\"},\"url\":\"https:\/\/www.trabajando.cl\/blog\/author\/appuser\/\"}]}<\/script>\n<!-- \/ Yoast SEO plugin. -->","yoast_head_json":{"title":"Inactividad laboral: Las claves para reintegrarse luego de una pausa - Blog Trabajando.com","description":"Si buscas volver a trabajar despu\u00e9s de un per\u00edodo de inactividad laboral, te dejamos 6 consejos que te ayudar\u00e1n a lograrlo.","robots":{"index":"index","follow":"follow","max-snippet":"max-snippet:-1","max-image-preview":"max-image-preview:large","max-video-preview":"max-video-preview:-1"},"canonical":"https:\/\/www.trabajando.cl\/blog\/inactividad-laboral-las-claves-para-reintegrarse-luego-de-una-pausa\/","og_locale":"es_ES","og_type":"article","og_title":"Inactividad laboral: Las claves para reintegrarse luego de una pausa - Blog Trabajando.com","og_description":"Si buscas volver a trabajar despu\u00e9s de un per\u00edodo de inactividad laboral, te dejamos 6 consejos que te ayudar\u00e1n a lograrlo.","og_url":"https:\/\/www.trabajando.cl\/blog\/inactividad-laboral-las-claves-para-reintegrarse-luego-de-una-pausa\/","og_site_name":"Blog Trabajando.com","article_published_time":"2023-07-07T15:14:05+00:00","article_modified_time":"2023-07-07T15:14:14+00:00","og_image":[{"width":1200,"height":600,"url":"https:\/\/www.trabajando.cl\/blog\/wp-content\/uploads\/2023\/07\/Prueba-portada-nuevo-blog-1200x600-3.png","type":"image\/png"}],"author":"appuser","twitter_card":"summary_large_image","twitter_misc":{"Escrito por":"appuser","Tiempo de lectura":"3 minutos"},"schema":{"@context":"https:\/\/schema.org","@graph":[{"@type":"WebPage","@id":"https:\/\/www.trabajando.cl\/blog\/inactividad-laboral-las-claves-para-reintegrarse-luego-de-una-pausa\/","url":"https:\/\/www.trabajando.cl\/blog\/inactividad-laboral-las-claves-para-reintegrarse-luego-de-una-pausa\/","name":"Inactividad laboral: Las claves para reintegrarse luego de una pausa - Blog Trabajando.com","isPartOf":{"@id":"https:\/\/www.trabajando.cl\/blog\/#website"},"datePublished":"2023-07-07T15:14:05+00:00","dateModified":"2023-07-07T15:14:14+00:00","author":{"@id":"https:\/\/www.trabajando.cl\/blog\/#\/schema\/person\/a9970f4bd5bba153c1085154c52f45ef"},"description":"Si buscas volver a trabajar despu\u00e9s de un per\u00edodo de inactividad laboral, te dejamos 6 consejos que te ayudar\u00e1n a lograrlo.","breadcrumb":{"@id":"https:\/\/www.trabajando.cl\/blog\/inactividad-laboral-las-claves-para-reintegrarse-luego-de-una-pausa\/#breadcrumb"},"inLanguage":"es","potentialAction":[{"@type":"ReadAction","target":["https:\/\/www.trabajando.cl\/blog\/inactividad-laboral-las-claves-para-reintegrarse-luego-de-una-pausa\/"]}]},{"@type":"BreadcrumbList","@id":"https:\/\/www.trabajando.cl\/blog\/inactividad-laboral-las-claves-para-reintegrarse-luego-de-una-pausa\/#breadcrumb","itemListElement":[{"@type":"ListItem","position":1,"name":"Home","item":"https:\/\/www.trabajando.cl\/blog\/"},{"@type":"ListItem","position":2,"name":"Inactividad laboral: Las claves para reintegrarse luego de una pausa"}]},{"@type":"WebSite","@id":"https:\/\/www.trabajando.cl\/blog\/#website","url":"https:\/\/www.trabajando.cl\/blog\/","name":"Blog Trabajando.com","description":"Noticias, tips y consejos de trabajo en Chile. Informaci\u00f3n y \u00faltimas tendencias sobre el mercado laboral.","potentialAction":[{"@type":"SearchAction","target":{"@type":"EntryPoint","urlTemplate":"https:\/\/www.trabajando.cl\/blog\/?s={search_term_string}"},"query-input":"required name=search_term_string"}],"inLanguage":"es"},{"@type":"Person","@id":"https:\/\/www.trabajando.cl\/blog\/#\/schema\/person\/a9970f4bd5bba153c1085154c52f45ef","name":"appuser","image":{"@type":"ImageObject","inLanguage":"es","@id":"https:\/\/www.trabajando.cl\/blog\/#\/schema\/person\/image\/","url":"https:\/\/secure.gravatar.com\/avatar\/2e7990143d3a5ecbe827c042f5393d37?s=96&d=mm&r=g","contentUrl":"https:\/\/secure.gravatar.com\/avatar\/2e7990143d3a5ecbe827c042f5393d37?s=96&d=mm&r=g","caption":"appuser"},"url":"https:\/\/www.trabajando.cl\/blog\/author\/appuser\/"}]}},"_links":{"self":[{"href":"https:\/\/www.trabajando.cl\/blog\/wp-json\/wp\/v2\/posts\/5184"}],"collection":[{"href":"https:\/\/www.trabajando.cl\/blog\/wp-json\/wp\/v2\/posts"}],"about":[{"href":"https:\/\/www.trabajando.cl\/blog\/wp-json\/wp\/v2\/types\/post"}],"author":[{"embeddable":true,"href":"https:\/\/www.trabajando.cl\/blog\/wp-json\/wp\/v2\/users\/22"}],"replies":[{"embeddable":true,"href":"https:\/\/www.trabajando.cl\/blog\/wp-json\/wp\/v2\/comments?post=5184"}],"version-history":[{"count":2,"href":"https:\/\/www.trabajando.cl\/blog\/wp-json\/wp\/v2\/posts\/5184\/revisions"}],"predecessor-version":[{"id":5188,"href":"https:\/\/www.trabajando.cl\/blog\/wp-json\/wp\/v2\/posts\/5184\/revisions\/5188"}],"wp:featuredmedia":[{"embeddable":true,"href":"https:\/\/www.trabajando.cl\/blog\/wp-json\/wp\/v2\/media\/5187"}],"wp:attachment":[{"href":"https:\/\/www.trabajando.cl\/blog\/wp-json\/wp\/v2\/media?parent=5184"}],"wp:term":[{"taxonomy":"category","embeddable":true,"href":"https:\/\/www.trabajando.cl\/blog\/wp-json\/wp\/v2\/categories?post=5184"},{"taxonomy":"post_tag","embeddable":true,"href":"https:\/\/www.trabajando.cl\/blog\/wp-json\/wp\/v2\/tags?post=5184"}],"curies":[{"name":"wp","href":"https:\/\/api.w.org\/{rel}","templated":true}]}}