{"id":4487,"date":"2023-01-27T13:57:41","date_gmt":"2023-01-27T16:57:41","guid":{"rendered":"https:\/\/www.trabajando.cl\/blog\/?p=4487"},"modified":"2023-08-18T13:59:15","modified_gmt":"2023-08-18T16:59:15","slug":"las-mujeres-facturan","status":"publish","type":"post","link":"https:\/\/www.trabajando.cl\/blog\/las-mujeres-facturan\/","title":{"rendered":"LAS MUJERES YA NO LLORAN \u00bfLas mujeres facturan?"},"content":{"rendered":"\n<p>\u201cLas mujeres ya no lloran, las mujeres facturan\u201d, es una de las frases m\u00e1s controversiales de la \u00faltima canci\u00f3n que la cantante colombiana Shakira realiz\u00f3 en colaboraci\u00f3n con Bizarrap.&nbsp;<\/p>\n\n\n\n<p>Una oraci\u00f3n que no deja indiferente a nadie y que invita al an\u00e1lisis de nuestra realidad actual. \u00bfEst\u00e1n realmente las mujeres hoy en d\u00eda \u201cfacturando\u201d de acuerdo a sus capacidades profesionales o todav\u00eda existen sesgos que la perjudican debido a su g\u00e9nero?.<\/p>\n\n\n\n<p>Para dar respuesta a estas interrogantes, hablemos sobre brecha salarial. Un tema que no es reciente, y para el cual, organismos internacionales c\u00f3mo la Organizaci\u00f3n Internacional del Trabajo (OIT), OCDE, ONU mujer, buscan promover medidas que aborden la problem\u00e1tica. Pero antes que nada, definamos:<\/p>\n\n\n\n<h2 class=\"wp-block-heading\"><strong>\u00bfQu\u00e9 es la brecha salarial?<\/strong><\/h2>\n\n\n\n<p>Es la <em>diferencia que pudiera existir en el sueldo que reciben personas que realizan un trabajo de igual valor; respecto de un mismo empleador.<\/em><\/p>\n\n\n\n<p>Esta conceptualmente abordada&nbsp; tanto en la Constituci\u00f3n c\u00f3mo en el C\u00f3digo del trabajo. Y aunque se basa en los principios de igualdad y no discriminaci\u00f3n, en la pr\u00e1ctica aun se observan brechas salariales, tanto en el mercado laboral chileno, como a nivel internacional.<\/p>\n\n\n\n<h2 class=\"wp-block-heading\"><strong>\u00bfPero entonces en que se basan estas brechas salariales?<\/strong><\/h2>\n\n\n\n<p>Como vimos en su definici\u00f3n, la equidad se eval\u00faa considerando el mismo pago por \u201cun mismo trabajo\u201d en vez de hablar de \u201ctrabajos de igual valor\u201d. Este enfoque de alg\u00fan modo da espacio para evaluar la \u201cigualdad del valor del trabajo\u201d considerando variables c\u00f3mo las calificaciones, capacidades, idoneidad, responsabilidad o productividad del trabajador. La consideraci\u00f3n de estas variables son las que dar\u00edan espacio para poder asignar valores monetarios distintos a trabajos de similar valor.<\/p>\n\n\n\n<p>A nivel mundial se han identificado una serie de factores m\u00e1s&nbsp; bien estructurales de discriminaci\u00f3n como, por ejemplo: El genero, la maternidad, el nivel educacional, la edad, la raza, el estado civil, religi\u00f3n, nacionalidad, situaci\u00f3n socioecon\u00f3mica, idioma, orientaci\u00f3n sexual, identidad de g\u00e9nero, apariencia personal, enfermedad o discapacidad u origen social entre otras.<\/p>\n\n\n\n<p>En nuestro pa\u00eds, al igual que en el resto del mundo una de las variables que m\u00e1s influye en la brecha salarial es el g\u00e9nero. Seg\u00fan ONU mujer, si bien las cifras muestran una tendencia positiva a\u00fan queda mucho por hacer.<\/p>\n\n\n\n<blockquote class=\"wp-block-quote\">\n<p>&#8220;<strong>Las mujeres, perciben en promedio un salario 27% menor que el del hombre<\/strong>, mientras que la brecha de salarios mensuales entre hombres y mujeres en Am\u00e9rica Latina, es de un 14,5%. <\/p>\n<cite><strong><a href=\"https:\/\/www.ine.gob.cl\/\">Instituto Nacional de Estad\u00edsticas (INE) en 2018<\/a><\/strong><\/cite><\/blockquote>\n\n\n\n<p><\/p>\n\n\n\n<div style=\"height:23px\" aria-hidden=\"true\" class=\"wp-block-spacer\"><\/div>\n\n\n\n<figure class=\"wp-block-image size-full\"><a href=\"https:\/\/trabajandomujer.cl\/home\/\" target=\"_blank\" rel=\"noreferrer noopener\"><img decoding=\"async\" loading=\"lazy\" width=\"980\" height=\"120\" src=\"https:\/\/www.trabajando.cl\/blog\/wp-content\/uploads\/2023\/02\/Banner-blog-final-27.jpg\" alt=\"\" class=\"wp-image-4742\" srcset=\"https:\/\/www.trabajando.cl\/blog\/wp-content\/uploads\/2023\/02\/Banner-blog-final-27.jpg 980w, https:\/\/www.trabajando.cl\/blog\/wp-content\/uploads\/2023\/02\/Banner-blog-final-27-300x37.jpg 300w, https:\/\/www.trabajando.cl\/blog\/wp-content\/uploads\/2023\/02\/Banner-blog-final-27-768x94.jpg 768w\" sizes=\"(max-width: 980px) 100vw, 980px\" \/><\/a><\/figure>\n\n\n\n<div style=\"height:23px\" aria-hidden=\"true\" class=\"wp-block-spacer\"><\/div>\n\n\n\n<h2 class=\"wp-block-heading\"><strong>La Brecha salarial en Chile<\/strong><strong><\/strong><\/h2>\n\n\n\n<p>A continuaci\u00f3n, te mostramos 5 razones que, seg\u00fan se\u00f1ala ONU Mujer, influyen en la generaci\u00f3n de esta Brecha Salarial a partir de la variable de g\u00e9nero..<\/p>\n\n\n\n<figure class=\"wp-block-image\"><img decoding=\"async\" src=\"https:\/\/lh5.googleusercontent.com\/VO7C39n8KyYUjFZBuPQHhH_VW68N5gi0HdHTkxuAmOIJuHx2Fbh_LP4XXIM2u0d1Ou8KednPFlJbMKiydob3-V1EmDn6d3YoqmQzvjW1Ekg-WP_PvtBySdKMKcqpOIjPpr40RvDSIiX_OBDi95rN62pAmcF6uc6x_9YrhfifAbXHUP2mfTz_n6voCF8xPqJuKPCFa8HSOQ\" alt=\"Interfaz de usuario gr\u00e1fica, Aplicaci\u00f3n\n\nDescripci\u00f3n generada autom\u00e1ticamente\"\/><\/figure>\n\n\n\n<h3 class=\"wp-block-heading\"><strong>El empleo a tiempo parcial<\/strong><\/h3>\n\n\n\n<p>Se refiere a trabajos con jornadas horarias reducidas, por esa raz\u00f3n generalmente este tipo de trabajos perciben un <strong>menor sueldo<\/strong>. Las mujeres suelen ocupar este tipo de puestos. N<strong>o necesariamente como una elecci\u00f3n libre y personal<\/strong>. Sino debido a que necesitan destinar tiempo al cuidado de los hijos, familiares o desarrollando&nbsp;labores del hogar. Las cuales, a pesar de ser altamente demandantes no son remuneradas y repercuten en el nivel del salario que la mujer recibe.<\/p>\n\n\n\n<p>En cuanto a horas destinadas a trabajos dom\u00e9sticos y de cuidados no remunerados, una persona promedio destina 31 horas semanales a estas labores, y al desagregar por g\u00e9nero en promedio, vemos que las mujeres le dedican 41 horas semanales, mientras los hombres le dedican s\u00f3lo 19 horas. <a href=\"https:\/\/fundacionsol.cl\/cl_luzit_herramientas\/static\/adjuntos\/6859\/Tiempo%20Robado%20VF.pdf\">(Fundaci\u00f3n Sol, 2022)<\/a><\/p>\n\n\n\n<h3 class=\"wp-block-heading\"><strong>Peores Empleos<\/strong><\/h3>\n\n\n\n<p>Este punto se refiere al acceso equitativo a trabajos de calidad o empleo protegido. \u00bfQu\u00e9 es un empleo protegido? Aquel que cumple con los atributos de contrato formal con protecci\u00f3n laboral. Es decir, un empleo con liquidaci\u00f3n de sueldo, contrato escrito, cotizaciones previsionales, de salud, vacaciones y licencias pagadas, etc. Las mujeres no tienen la misma oportunidad de acceder a este tipo de empleo, y es all\u00ed donde se genera la brecha. Ya que no logran hacer un desarrollo de su carrera que le permita llegar a obtener cargos de mayor jerarqu\u00eda. A\u00fan cuando cuentan con niveles de preparaci\u00f3n similares o superiores al de los hombres. En este aspecto, influyen la maternidad, la dificultar para trabajar horas extras, etc. (fen\u00f3meno llamado techo de cristal).<\/p>\n\n\n\n<p>A modo de ejemplo, en t\u00e9rminos porcentuales, los y las trabajadoras directamente contratadas (empleo protegido) perciben en promedio, un 29,5 % m\u00e1s que los y las trabajadoras externalizadas, seg\u00fan datos proporcionados por la Oficina de Estudios y Pol\u00edticas Agrarias ODEPA.<\/p>\n\n\n\n<h3 class=\"wp-block-heading\"><strong>Trabajos socialmente menos valorados<\/strong><\/h3>\n\n\n\n<p>La mayor\u00eda de las \u00e1reas laborales mejor remuneradas est\u00e1n ligadas a las ciencias, tecnolog\u00edas, ingenier\u00eda y matem\u00e1ticas. Que hist\u00f3ricamente son \u00e1reas que se relacionan m\u00e1s bien al trabajo desarrollado por hombres. Mientras que las mujeres suelen desarrollar trabajos relacionados al cuidado de terceros y servicios. Labores que son entendidas como una prolongaci\u00f3n del trabajo domestico y reproductivo. Por ende han sido infravalorados, menospreciados y peor remunerados en el mercado laboral. <\/p>\n\n\n\n<h3 class=\"wp-block-heading\"><strong>Autominusvalorizaci\u00f3n&nbsp;<\/strong><\/h3>\n\n\n\n<p>Este concepto se refiere a la valoraci\u00f3n de una persona en menos de lo que merece o vale. Como por ejemplo, las mujeres, que por cuestiones culturales e hist\u00f3ricas, interiorizan que su trabajo vale menos que el trabajo de los hombres. Lo que aumenta la brecha salarial seg\u00fan datos de la ONU mujer. Al mismo tiempo, se ha visto que las mujeres negocian menos su salario y aceptan con m\u00e1s facilidad lo que se les ofrece. Adem\u00e1s tienen menos propensi\u00f3n a cambiar de trabajo y prefieren la estabilidad laboral.<\/p>\n\n\n\n<h3 class=\"wp-block-heading\"><strong>Ignorancia<\/strong><\/h3>\n\n\n\n<p>Existe a\u00fan un alto grado de desconocimiento respecto del aporte de la diversidad en el \u00e1mbito laboral. En pa\u00edses desarrollados, la incorporaci\u00f3n de la mujer y la diversidad en general, son un aporte en el desarrollo de las actividades econ\u00f3micas.  Tanto a nivel cuantitativo como cualitativo. Este desconocimiento explica, en parte, porqu\u00e9 las brechas a\u00fan no han disminuido. A pesar de las buenas pr\u00e1cticas de algunas empresas, con sueldos equitativos, roles laborales sin estereotipos de g\u00e9nero, entre otras cosas.<\/p>\n\n\n\n<h2 class=\"wp-block-heading\"><strong>\u00bfQu\u00e9 puedes hacer t\u00fa respecto a<\/strong> las causas<strong> de la brecha salarial?<\/strong><\/h2>\n\n\n\n<p>Veamos el vaso medio lleno\u2026 Existen empresas que tienen iniciativas para favorecer la compatibilidad del trabajo y la maternidad. Con el involucramiento de los hombres\/Padres, en tareas que anteriormente eran entendidas como exclusivamente femeninas.<\/p>\n\n\n\n<p>Entonces, lo primero que puedes hacer, es postular a organizaciones que se muestran a favor o tengan iniciativas para disminuir la brecha salarial. (Algunas de estas empresas, tienen ofertas de empleo publicadas en Trabajando.com , <a href=\"https:\/\/www.trabajando.cl\/blog\/mejores-empresas-para-trabajar-para-mujeres\/\" target=\"_blank\" rel=\"noreferrer noopener\">m\u00edralas aqu\u00ed<\/a>)\u00a0\u00a0<\/p>\n\n\n\n<p>Adem\u00e1s, es importante que t\u00fa, como mujer y empleada, no te conformes con menos de lo que corresponde para tu nivel profesional y capacidades. Si, sabemos que decirlo es mucho m\u00e1s f\u00e1cil que ponerlo en pr\u00e1ctica. Y que a veces, con tal de mantener un trabajo estable somos capaces de permanecer donde realmente no valoran nuestro trabajo. Por ello, una peque\u00f1a parte de la brecha salarial, tambi\u00e9n depende de ti:<\/p>\n\n\n\n<ul>\n<li>Entiende que tu trabajo es igual de valioso e importante que el de un hombre<\/li>\n\n\n\n<li>Que no existe trabajo que no puedas realizar, si tomas la debida preparaci\u00f3n para ello<\/li>\n\n\n\n<li>El cuidado de los hijos es una responsabilidad compartida y en el caso de que no lo sea, y debas quedarte en casa&nbsp; \u00a1tienes internet! Y con ello \u00a1acceso a un mundo de posibilidades!<\/li>\n\n\n\n<li>No te conformes. Si algo no te gusta o crees que no est\u00e1s siendo valorada en tu trabajo, alza la mano y pon el l\u00edmite. Prep\u00e1rate, estudia y exige lo que te corresponde&nbsp;<\/li>\n<\/ul>\n","protected":false},"excerpt":{"rendered":"<p>\u201cLas mujeres ya no lloran, las mujeres facturan\u201d, es una de las frases m\u00e1s controversiales de la \u00faltima canci\u00f3n que la cantante colombiana Shakira realiz\u00f3 en colaboraci\u00f3n con Bizarrap.&nbsp; Una oraci\u00f3n que no deja indiferente a nadie y que invita al an\u00e1lisis de nuestra realidad actual. \u00bfEst\u00e1n realmente las mujeres hoy en d\u00eda \u201cfacturando\u201d de [&hellip;]<\/p>\n","protected":false},"author":22,"featured_media":4510,"comment_status":"closed","ping_status":"closed","sticky":false,"template":"","format":"standard","meta":{"inline_featured_image":false},"categories":[38,37],"tags":[145,48],"yoast_head":"<!-- This site is optimized with the Yoast SEO plugin v20.5 - https:\/\/yoast.com\/wordpress\/plugins\/seo\/ -->\n<title>LAS MUJERES YA NO LLORAN \u00bfLas mujeres facturan? -<\/title>\n<meta name=\"description\" content=\"Las mujeres, perciben en promedio un salario 27% menor que el del hombre, la brecha salarial en Am\u00e9rica Latina, es de un 14,5%\" \/>\n<meta name=\"robots\" content=\"index, follow, max-snippet:-1, max-image-preview:large, max-video-preview:-1\" \/>\n<link rel=\"canonical\" href=\"https:\/\/www.trabajando.cl\/blog\/las-mujeres-facturan\/\" \/>\n<meta property=\"og:locale\" content=\"es_ES\" \/>\n<meta property=\"og:type\" content=\"article\" \/>\n<meta property=\"og:title\" content=\"LAS MUJERES YA NO LLORAN \u00bfLas mujeres facturan? -\" \/>\n<meta property=\"og:description\" content=\"Las mujeres, perciben en promedio un salario 27% menor que el del hombre, la brecha salarial en Am\u00e9rica Latina, es de un 14,5%\" \/>\n<meta property=\"og:url\" content=\"https:\/\/www.trabajando.cl\/blog\/las-mujeres-facturan\/\" \/>\n<meta property=\"og:site_name\" content=\"Blog Trabajando.com\" \/>\n<meta property=\"article:published_time\" content=\"2023-01-27T16:57:41+00:00\" \/>\n<meta property=\"article:modified_time\" content=\"2023-08-18T16:59:15+00:00\" \/>\n<meta property=\"og:image\" content=\"https:\/\/www.trabajando.cl\/blog\/wp-content\/uploads\/2023\/02\/Portada-miniatura-8.png\" \/>\n\t<meta property=\"og:image:width\" content=\"522\" \/>\n\t<meta property=\"og:image:height\" content=\"261\" \/>\n\t<meta property=\"og:image:type\" content=\"image\/png\" \/>\n<meta name=\"author\" content=\"appuser\" \/>\n<meta name=\"twitter:card\" content=\"summary_large_image\" \/>\n<meta name=\"twitter:label1\" content=\"Escrito por\" \/>\n\t<meta name=\"twitter:data1\" content=\"appuser\" \/>\n\t<meta name=\"twitter:label2\" content=\"Tiempo de lectura\" \/>\n\t<meta name=\"twitter:data2\" content=\"7 minutos\" \/>\n<script type=\"application\/ld+json\" class=\"yoast-schema-graph\">{\"@context\":\"https:\/\/schema.org\",\"@graph\":[{\"@type\":\"WebPage\",\"@id\":\"https:\/\/www.trabajando.cl\/blog\/las-mujeres-facturan\/\",\"url\":\"https:\/\/www.trabajando.cl\/blog\/las-mujeres-facturan\/\",\"name\":\"LAS MUJERES YA NO LLORAN \u00bfLas mujeres facturan? -\",\"isPartOf\":{\"@id\":\"https:\/\/www.trabajando.cl\/blog\/#website\"},\"datePublished\":\"2023-01-27T16:57:41+00:00\",\"dateModified\":\"2023-08-18T16:59:15+00:00\",\"author\":{\"@id\":\"https:\/\/www.trabajando.cl\/blog\/#\/schema\/person\/a9970f4bd5bba153c1085154c52f45ef\"},\"description\":\"Las mujeres, perciben en promedio un salario 27% menor que el del hombre, la brecha salarial en Am\u00e9rica Latina, es de un 14,5%\",\"breadcrumb\":{\"@id\":\"https:\/\/www.trabajando.cl\/blog\/las-mujeres-facturan\/#breadcrumb\"},\"inLanguage\":\"es\",\"potentialAction\":[{\"@type\":\"ReadAction\",\"target\":[\"https:\/\/www.trabajando.cl\/blog\/las-mujeres-facturan\/\"]}]},{\"@type\":\"BreadcrumbList\",\"@id\":\"https:\/\/www.trabajando.cl\/blog\/las-mujeres-facturan\/#breadcrumb\",\"itemListElement\":[{\"@type\":\"ListItem\",\"position\":1,\"name\":\"Home\",\"item\":\"https:\/\/www.trabajando.cl\/blog\/\"},{\"@type\":\"ListItem\",\"position\":2,\"name\":\"LAS MUJERES YA NO LLORAN \u00bfLas mujeres facturan?\"}]},{\"@type\":\"WebSite\",\"@id\":\"https:\/\/www.trabajando.cl\/blog\/#website\",\"url\":\"https:\/\/www.trabajando.cl\/blog\/\",\"name\":\"Blog Trabajando.com\",\"description\":\"Noticias, tips y consejos de trabajo en Chile. Informaci\u00f3n y \u00faltimas tendencias sobre el mercado laboral.\",\"potentialAction\":[{\"@type\":\"SearchAction\",\"target\":{\"@type\":\"EntryPoint\",\"urlTemplate\":\"https:\/\/www.trabajando.cl\/blog\/?s={search_term_string}\"},\"query-input\":\"required name=search_term_string\"}],\"inLanguage\":\"es\"},{\"@type\":\"Person\",\"@id\":\"https:\/\/www.trabajando.cl\/blog\/#\/schema\/person\/a9970f4bd5bba153c1085154c52f45ef\",\"name\":\"appuser\",\"image\":{\"@type\":\"ImageObject\",\"inLanguage\":\"es\",\"@id\":\"https:\/\/www.trabajando.cl\/blog\/#\/schema\/person\/image\/\",\"url\":\"https:\/\/secure.gravatar.com\/avatar\/2e7990143d3a5ecbe827c042f5393d37?s=96&d=mm&r=g\",\"contentUrl\":\"https:\/\/secure.gravatar.com\/avatar\/2e7990143d3a5ecbe827c042f5393d37?s=96&d=mm&r=g\",\"caption\":\"appuser\"},\"url\":\"https:\/\/www.trabajando.cl\/blog\/author\/appuser\/\"}]}<\/script>\n<!-- \/ Yoast SEO plugin. -->","yoast_head_json":{"title":"LAS MUJERES YA NO LLORAN \u00bfLas mujeres facturan? -","description":"Las mujeres, perciben en promedio un salario 27% menor que el del hombre, la brecha salarial en Am\u00e9rica Latina, es de un 14,5%","robots":{"index":"index","follow":"follow","max-snippet":"max-snippet:-1","max-image-preview":"max-image-preview:large","max-video-preview":"max-video-preview:-1"},"canonical":"https:\/\/www.trabajando.cl\/blog\/las-mujeres-facturan\/","og_locale":"es_ES","og_type":"article","og_title":"LAS MUJERES YA NO LLORAN \u00bfLas mujeres facturan? -","og_description":"Las mujeres, perciben en promedio un salario 27% menor que el del hombre, la brecha salarial en Am\u00e9rica Latina, es de un 14,5%","og_url":"https:\/\/www.trabajando.cl\/blog\/las-mujeres-facturan\/","og_site_name":"Blog Trabajando.com","article_published_time":"2023-01-27T16:57:41+00:00","article_modified_time":"2023-08-18T16:59:15+00:00","og_image":[{"width":522,"height":261,"url":"https:\/\/www.trabajando.cl\/blog\/wp-content\/uploads\/2023\/02\/Portada-miniatura-8.png","type":"image\/png"}],"author":"appuser","twitter_card":"summary_large_image","twitter_misc":{"Escrito por":"appuser","Tiempo de lectura":"7 minutos"},"schema":{"@context":"https:\/\/schema.org","@graph":[{"@type":"WebPage","@id":"https:\/\/www.trabajando.cl\/blog\/las-mujeres-facturan\/","url":"https:\/\/www.trabajando.cl\/blog\/las-mujeres-facturan\/","name":"LAS MUJERES YA NO LLORAN \u00bfLas mujeres facturan? -","isPartOf":{"@id":"https:\/\/www.trabajando.cl\/blog\/#website"},"datePublished":"2023-01-27T16:57:41+00:00","dateModified":"2023-08-18T16:59:15+00:00","author":{"@id":"https:\/\/www.trabajando.cl\/blog\/#\/schema\/person\/a9970f4bd5bba153c1085154c52f45ef"},"description":"Las mujeres, perciben en promedio un salario 27% menor que el del hombre, la brecha salarial en Am\u00e9rica Latina, es de un 14,5%","breadcrumb":{"@id":"https:\/\/www.trabajando.cl\/blog\/las-mujeres-facturan\/#breadcrumb"},"inLanguage":"es","potentialAction":[{"@type":"ReadAction","target":["https:\/\/www.trabajando.cl\/blog\/las-mujeres-facturan\/"]}]},{"@type":"BreadcrumbList","@id":"https:\/\/www.trabajando.cl\/blog\/las-mujeres-facturan\/#breadcrumb","itemListElement":[{"@type":"ListItem","position":1,"name":"Home","item":"https:\/\/www.trabajando.cl\/blog\/"},{"@type":"ListItem","position":2,"name":"LAS MUJERES YA NO LLORAN \u00bfLas mujeres facturan?"}]},{"@type":"WebSite","@id":"https:\/\/www.trabajando.cl\/blog\/#website","url":"https:\/\/www.trabajando.cl\/blog\/","name":"Blog Trabajando.com","description":"Noticias, tips y consejos de trabajo en Chile. Informaci\u00f3n y \u00faltimas tendencias sobre el mercado laboral.","potentialAction":[{"@type":"SearchAction","target":{"@type":"EntryPoint","urlTemplate":"https:\/\/www.trabajando.cl\/blog\/?s={search_term_string}"},"query-input":"required name=search_term_string"}],"inLanguage":"es"},{"@type":"Person","@id":"https:\/\/www.trabajando.cl\/blog\/#\/schema\/person\/a9970f4bd5bba153c1085154c52f45ef","name":"appuser","image":{"@type":"ImageObject","inLanguage":"es","@id":"https:\/\/www.trabajando.cl\/blog\/#\/schema\/person\/image\/","url":"https:\/\/secure.gravatar.com\/avatar\/2e7990143d3a5ecbe827c042f5393d37?s=96&d=mm&r=g","contentUrl":"https:\/\/secure.gravatar.com\/avatar\/2e7990143d3a5ecbe827c042f5393d37?s=96&d=mm&r=g","caption":"appuser"},"url":"https:\/\/www.trabajando.cl\/blog\/author\/appuser\/"}]}},"_links":{"self":[{"href":"https:\/\/www.trabajando.cl\/blog\/wp-json\/wp\/v2\/posts\/4487"}],"collection":[{"href":"https:\/\/www.trabajando.cl\/blog\/wp-json\/wp\/v2\/posts"}],"about":[{"href":"https:\/\/www.trabajando.cl\/blog\/wp-json\/wp\/v2\/types\/post"}],"author":[{"embeddable":true,"href":"https:\/\/www.trabajando.cl\/blog\/wp-json\/wp\/v2\/users\/22"}],"replies":[{"embeddable":true,"href":"https:\/\/www.trabajando.cl\/blog\/wp-json\/wp\/v2\/comments?post=4487"}],"version-history":[{"count":5,"href":"https:\/\/www.trabajando.cl\/blog\/wp-json\/wp\/v2\/posts\/4487\/revisions"}],"predecessor-version":[{"id":5282,"href":"https:\/\/www.trabajando.cl\/blog\/wp-json\/wp\/v2\/posts\/4487\/revisions\/5282"}],"wp:featuredmedia":[{"embeddable":true,"href":"https:\/\/www.trabajando.cl\/blog\/wp-json\/wp\/v2\/media\/4510"}],"wp:attachment":[{"href":"https:\/\/www.trabajando.cl\/blog\/wp-json\/wp\/v2\/media?parent=4487"}],"wp:term":[{"taxonomy":"category","embeddable":true,"href":"https:\/\/www.trabajando.cl\/blog\/wp-json\/wp\/v2\/categories?post=4487"},{"taxonomy":"post_tag","embeddable":true,"href":"https:\/\/www.trabajando.cl\/blog\/wp-json\/wp\/v2\/tags?post=4487"}],"curies":[{"name":"wp","href":"https:\/\/api.w.org\/{rel}","templated":true}]}}