{"id":4013,"date":"2022-11-30T09:12:35","date_gmt":"2022-11-30T12:12:35","guid":{"rendered":"https:\/\/www.trabajando.cl\/blog\/?p=4013"},"modified":"2023-04-27T19:02:49","modified_gmt":"2023-04-27T22:02:49","slug":"diversidad-equidad-e-inclusion-en-el-trabajo","status":"publish","type":"post","link":"https:\/\/www.trabajando.cl\/blog\/diversidad-equidad-e-inclusion-en-el-trabajo\/","title":{"rendered":"Diversidad, Equidad e Inclusi\u00f3n"},"content":{"rendered":"\n<p>Para comenzar, es importante definir qu\u00e9 es Diversidad, Equidad e Inclusi\u00f3n (DE&amp;I). Y as\u00ed podamos tener un mejor entendimiento de estos conceptos y c\u00f3mo ayudan tanto a las personas como a las empresas.<\/p>\n\n\n\n<h2 class=\"wp-block-heading\"><strong>\u00bfQu\u00e9 es Diversidad, Equidad e Inclusi\u00f3n?<\/strong><\/h2>\n\n\n\n<p>Es el proceso en el cual las empresas valoran la diversidad entre sus colaboradores. No solo buscan la representatividad de distintos grupos demogr\u00e1ficos. Sino que tambi\u00e9n generar un ambiente de transparencia, justicia y equidad entre todos quienes trabajan en el lugar. Siempre pensando m\u00e1s all\u00e1 del g\u00e9nero, etnia, nacionalidad, orientaci\u00f3n sexual, religi\u00f3n, edades o discapacidades. Esto adem\u00e1s genera un espacio seguro y libre de discriminaciones, donde se promueve el crecimiento, desarrollo y felicidad de cada uno de ellos. Todos pueden desarrollarse y sentirse parte.<\/p>\n\n\n\n<h2 class=\"wp-block-heading\"><strong>Ampliemos en cada uno de los conceptos:<\/strong><\/h2>\n\n\n\n<p>Diversidad: Habla de la variedad que la empresa pueda tener entre sus colaboradores. Tanto en sus caracter\u00edsticas demogr\u00e1ficas como en sus experiencias de vida e identidad. Y as\u00ed lograr que la contribuci\u00f3n de cada uno tenga perspectivas originales y frescas.<\/p>\n\n\n\n<p>Equidad: Busca generar procesos y tratamientos justos y transparentes. Se entiende como \u201cigualar la cancha de todos los colaboradores\u201d. Asumiendo que en los espacios de trabajo existen sesgos conscientes e inconscientes que se deben considerar y corregir. Usando los criterios de equidad, para la distribuci\u00f3n de recursos y oportunidades para todos.<\/p>\n\n\n\n<p>Inclusi\u00f3n: Se refiere a la sensaci\u00f3n de pertenencia de los colaboradores hacia la organizaci\u00f3n. Haci\u00e9ndolos sentir: respetados, empoderados y valorados. En un espacio seguro que les permite ser ellos mismos. Es por esta raz\u00f3n que la inclusi\u00f3n debe estar inserta en la cultura y en la operaci\u00f3n del d\u00eda a d\u00eda. Y se debe fomentar entre todos los colaboradores, sin importar su jerarqu\u00eda o tipos de relaciones.<\/p>\n\n\n\n<h2 class=\"wp-block-heading\"><strong>\u00bfQu\u00e9 beneficios trae trabajar la Diversidad, Equidad e Inclusi\u00f3n?<\/strong><\/h2>\n\n\n\n<p>M\u00e1s all\u00e1 de su impacto social, impulsar la diversidad, equidad e inclusi\u00f3n tiene m\u00faltiples beneficios para las organizaciones.<\/p>\n\n\n\n<ul><li>M\u00e1s talentos: Al abrirte a nuevos grupos demogr\u00e1ficos, puedes atraer a nuevos candidatos,&nbsp; a los que antes no les estabas hablando.&nbsp;<br><\/li><li>Reputaci\u00f3n corporativa: Mostrar valores y un compromiso social. Hace que tu marca sea percibida de mejor forma en el mercado, por clientes, consumidores y otros actores.&nbsp;<br><\/li><li>M\u00e1s colaboraci\u00f3n: Las iniciativas de DE&amp;I promueven la colaboraci\u00f3n ya que se disminuye los complejos de superioridad o de inferioridad de los miembros del equipo. Porque se sienten en un espacio de respeto y confianza.&nbsp;<br><\/li><li>Mejor toma de decisiones: La diversidad ayuda a incrementar la cantidad de informaci\u00f3n y puntos de vista en los equipos de trabajo. Todo debido a las distintas experiencias de cada uno de los integrantes, lo que elimina sesgos y puntos ciegos.<br><\/li><li>Retenci\u00f3n de talentos: En organizaciones con DE&amp;I los colaboradores se sienten m\u00e1s motivados, son m\u00e1s participativos y esto los hace sentirse menos aislados o con inter\u00e9s de abandonar la organizaci\u00f3n. La baja en la rotaci\u00f3n reduce significativamente los costos en reclutamiento, entrevistas, onboarding y entrenamiento de nuevos colaboradores<\/li><\/ul>\n\n\n\n<h2 class=\"wp-block-heading\">\u00bfQu\u00e9 otros beneficios tiene?<\/h2>\n\n\n\n<ul><li>Desarrollo econ\u00f3mico: Distintos estudios muestran que las empresas con pol\u00edticas de DE&amp;I tienen mayor rentabilidad.<br>&#8211; Organizaciones con equipos diversos tienen 2.3 veces m\u00e1s flujo de caja que las con equipos homog\u00e9neos.<br>&#8211; Empresas con diversidad de g\u00e9nero tienen 15% m\u00e1s probabilidades de superar los retornos financieros promedios de su industria.<br>&#8211; Innovaci\u00f3n: La innovaci\u00f3n llega a ser un 20% superior ya que los colaboradores est\u00e1n dispuestos a discutir, presentar ideas y utilizar su pensamiento lateral distintas al sentirse en un espacio seguro.<\/li><\/ul>\n\n\n\n<ul><li>Clima laboral: Un estudio de BCG determin\u00f3 que la inclusi\u00f3n es un factor clave en el bienestar de los colaboradores. En un espacio de trabajo inclusivo los colaboradores son 3 veces m\u00e1s felices que en uno donde los colaboradores no se sienten incluidos. Adem\u00e1s, los colaboradores que trabajan en un espacio de trabajo con pol\u00edticas de DE&amp;I declaran sentirse menos ansiosos y estresados. Teniendo un mejor balance de vida personal y laboral.<br><\/li><\/ul>\n\n\n\n<p>En resumen: la Diversidad, Equidad e Inclusi\u00f3n o DE&amp;I permite a los colaboradores sentirse orgullosos de su organizaci\u00f3n y a las empresas generar una potente marca empleadora.<\/p>\n","protected":false},"excerpt":{"rendered":"<p>Para comenzar, es importante definir qu\u00e9 es Diversidad, Equidad e Inclusi\u00f3n (DE&amp;I). Y as\u00ed podamos tener un mejor entendimiento de estos conceptos y c\u00f3mo ayudan tanto a las personas como a las empresas. \u00bfQu\u00e9 es Diversidad, Equidad e Inclusi\u00f3n? Es el proceso en el cual las empresas valoran la diversidad entre sus colaboradores. No solo [&hellip;]<\/p>\n","protected":false},"author":24,"featured_media":4016,"comment_status":"closed","ping_status":"closed","sticky":false,"template":"","format":"standard","meta":{"inline_featured_image":false},"categories":[38,10,1,37,36],"tags":[145],"yoast_head":"<!-- This site is optimized with the Yoast SEO plugin v20.5 - https:\/\/yoast.com\/wordpress\/plugins\/seo\/ -->\n<title>Diversidad, Equidad e Inclusi\u00f3n - Blog Trabajando.com<\/title>\n<meta name=\"description\" content=\"la Diversidad, Equidad e Inclusi\u00f3n permite a los colaboradores sentirse orgullosos de su organizaci\u00f3n y a las empresas generar una potente marca empleadora\" \/>\n<meta name=\"robots\" content=\"index, follow, max-snippet:-1, max-image-preview:large, max-video-preview:-1\" \/>\n<link rel=\"canonical\" href=\"https:\/\/www.trabajando.cl\/blog\/diversidad-equidad-e-inclusion-en-el-trabajo\/\" \/>\n<meta property=\"og:locale\" content=\"es_ES\" \/>\n<meta property=\"og:type\" content=\"article\" \/>\n<meta property=\"og:title\" content=\"Diversidad, Equidad e Inclusi\u00f3n - Blog Trabajando.com\" \/>\n<meta property=\"og:description\" content=\"la Diversidad, Equidad e Inclusi\u00f3n permite a los colaboradores sentirse orgullosos de su organizaci\u00f3n y a las empresas generar una potente marca empleadora\" \/>\n<meta property=\"og:url\" content=\"https:\/\/www.trabajando.cl\/blog\/diversidad-equidad-e-inclusion-en-el-trabajo\/\" \/>\n<meta property=\"og:site_name\" content=\"Blog Trabajando.com\" \/>\n<meta property=\"article:published_time\" content=\"2022-11-30T12:12:35+00:00\" \/>\n<meta property=\"article:modified_time\" content=\"2023-04-27T22:02:49+00:00\" \/>\n<meta property=\"og:image\" content=\"https:\/\/www.trabajando.cl\/blog\/wp-content\/uploads\/2022\/11\/Portada-miniatura-10.png\" \/>\n\t<meta property=\"og:image:width\" content=\"522\" \/>\n\t<meta property=\"og:image:height\" content=\"261\" \/>\n\t<meta property=\"og:image:type\" content=\"image\/png\" \/>\n<meta name=\"author\" content=\"Rodrigo Palma\" \/>\n<meta name=\"twitter:card\" content=\"summary_large_image\" \/>\n<meta name=\"twitter:label1\" content=\"Escrito por\" \/>\n\t<meta name=\"twitter:data1\" content=\"Rodrigo Palma\" \/>\n\t<meta name=\"twitter:label2\" content=\"Tiempo de lectura\" \/>\n\t<meta name=\"twitter:data2\" content=\"4 minutos\" \/>\n<script type=\"application\/ld+json\" class=\"yoast-schema-graph\">{\"@context\":\"https:\/\/schema.org\",\"@graph\":[{\"@type\":\"WebPage\",\"@id\":\"https:\/\/www.trabajando.cl\/blog\/diversidad-equidad-e-inclusion-en-el-trabajo\/\",\"url\":\"https:\/\/www.trabajando.cl\/blog\/diversidad-equidad-e-inclusion-en-el-trabajo\/\",\"name\":\"Diversidad, Equidad e Inclusi\u00f3n - Blog Trabajando.com\",\"isPartOf\":{\"@id\":\"https:\/\/www.trabajando.cl\/blog\/#website\"},\"datePublished\":\"2022-11-30T12:12:35+00:00\",\"dateModified\":\"2023-04-27T22:02:49+00:00\",\"author\":{\"@id\":\"https:\/\/www.trabajando.cl\/blog\/#\/schema\/person\/2f81ba1c743bcd996f996cc93ce37982\"},\"description\":\"la Diversidad, Equidad e Inclusi\u00f3n permite a los colaboradores sentirse orgullosos de su organizaci\u00f3n y a las empresas generar una potente marca empleadora\",\"breadcrumb\":{\"@id\":\"https:\/\/www.trabajando.cl\/blog\/diversidad-equidad-e-inclusion-en-el-trabajo\/#breadcrumb\"},\"inLanguage\":\"es\",\"potentialAction\":[{\"@type\":\"ReadAction\",\"target\":[\"https:\/\/www.trabajando.cl\/blog\/diversidad-equidad-e-inclusion-en-el-trabajo\/\"]}]},{\"@type\":\"BreadcrumbList\",\"@id\":\"https:\/\/www.trabajando.cl\/blog\/diversidad-equidad-e-inclusion-en-el-trabajo\/#breadcrumb\",\"itemListElement\":[{\"@type\":\"ListItem\",\"position\":1,\"name\":\"Home\",\"item\":\"https:\/\/www.trabajando.cl\/blog\/\"},{\"@type\":\"ListItem\",\"position\":2,\"name\":\"Diversidad, Equidad e Inclusi\u00f3n\"}]},{\"@type\":\"WebSite\",\"@id\":\"https:\/\/www.trabajando.cl\/blog\/#website\",\"url\":\"https:\/\/www.trabajando.cl\/blog\/\",\"name\":\"Blog Trabajando.com\",\"description\":\"Noticias, tips y consejos de trabajo en Chile. Informaci\u00f3n y \u00faltimas tendencias sobre el mercado laboral.\",\"potentialAction\":[{\"@type\":\"SearchAction\",\"target\":{\"@type\":\"EntryPoint\",\"urlTemplate\":\"https:\/\/www.trabajando.cl\/blog\/?s={search_term_string}\"},\"query-input\":\"required name=search_term_string\"}],\"inLanguage\":\"es\"},{\"@type\":\"Person\",\"@id\":\"https:\/\/www.trabajando.cl\/blog\/#\/schema\/person\/2f81ba1c743bcd996f996cc93ce37982\",\"name\":\"Rodrigo Palma\",\"image\":{\"@type\":\"ImageObject\",\"inLanguage\":\"es\",\"@id\":\"https:\/\/www.trabajando.cl\/blog\/#\/schema\/person\/image\/\",\"url\":\"https:\/\/secure.gravatar.com\/avatar\/86ee8b08d14e90003e770289d4e15297?s=96&d=mm&r=g\",\"contentUrl\":\"https:\/\/secure.gravatar.com\/avatar\/86ee8b08d14e90003e770289d4e15297?s=96&d=mm&r=g\",\"caption\":\"Rodrigo Palma\"},\"url\":\"https:\/\/www.trabajando.cl\/blog\/author\/rpalma\/\"}]}<\/script>\n<!-- \/ Yoast SEO plugin. -->","yoast_head_json":{"title":"Diversidad, Equidad e Inclusi\u00f3n - Blog Trabajando.com","description":"la Diversidad, Equidad e Inclusi\u00f3n permite a los colaboradores sentirse orgullosos de su organizaci\u00f3n y a las empresas generar una potente marca empleadora","robots":{"index":"index","follow":"follow","max-snippet":"max-snippet:-1","max-image-preview":"max-image-preview:large","max-video-preview":"max-video-preview:-1"},"canonical":"https:\/\/www.trabajando.cl\/blog\/diversidad-equidad-e-inclusion-en-el-trabajo\/","og_locale":"es_ES","og_type":"article","og_title":"Diversidad, Equidad e Inclusi\u00f3n - Blog Trabajando.com","og_description":"la Diversidad, Equidad e Inclusi\u00f3n permite a los colaboradores sentirse orgullosos de su organizaci\u00f3n y a las empresas generar una potente marca empleadora","og_url":"https:\/\/www.trabajando.cl\/blog\/diversidad-equidad-e-inclusion-en-el-trabajo\/","og_site_name":"Blog Trabajando.com","article_published_time":"2022-11-30T12:12:35+00:00","article_modified_time":"2023-04-27T22:02:49+00:00","og_image":[{"width":522,"height":261,"url":"https:\/\/www.trabajando.cl\/blog\/wp-content\/uploads\/2022\/11\/Portada-miniatura-10.png","type":"image\/png"}],"author":"Rodrigo Palma","twitter_card":"summary_large_image","twitter_misc":{"Escrito por":"Rodrigo Palma","Tiempo de lectura":"4 minutos"},"schema":{"@context":"https:\/\/schema.org","@graph":[{"@type":"WebPage","@id":"https:\/\/www.trabajando.cl\/blog\/diversidad-equidad-e-inclusion-en-el-trabajo\/","url":"https:\/\/www.trabajando.cl\/blog\/diversidad-equidad-e-inclusion-en-el-trabajo\/","name":"Diversidad, Equidad e Inclusi\u00f3n - Blog Trabajando.com","isPartOf":{"@id":"https:\/\/www.trabajando.cl\/blog\/#website"},"datePublished":"2022-11-30T12:12:35+00:00","dateModified":"2023-04-27T22:02:49+00:00","author":{"@id":"https:\/\/www.trabajando.cl\/blog\/#\/schema\/person\/2f81ba1c743bcd996f996cc93ce37982"},"description":"la Diversidad, Equidad e Inclusi\u00f3n permite a los colaboradores sentirse orgullosos de su organizaci\u00f3n y a las empresas generar una potente marca empleadora","breadcrumb":{"@id":"https:\/\/www.trabajando.cl\/blog\/diversidad-equidad-e-inclusion-en-el-trabajo\/#breadcrumb"},"inLanguage":"es","potentialAction":[{"@type":"ReadAction","target":["https:\/\/www.trabajando.cl\/blog\/diversidad-equidad-e-inclusion-en-el-trabajo\/"]}]},{"@type":"BreadcrumbList","@id":"https:\/\/www.trabajando.cl\/blog\/diversidad-equidad-e-inclusion-en-el-trabajo\/#breadcrumb","itemListElement":[{"@type":"ListItem","position":1,"name":"Home","item":"https:\/\/www.trabajando.cl\/blog\/"},{"@type":"ListItem","position":2,"name":"Diversidad, Equidad e Inclusi\u00f3n"}]},{"@type":"WebSite","@id":"https:\/\/www.trabajando.cl\/blog\/#website","url":"https:\/\/www.trabajando.cl\/blog\/","name":"Blog Trabajando.com","description":"Noticias, tips y consejos de trabajo en Chile. Informaci\u00f3n y \u00faltimas tendencias sobre el mercado laboral.","potentialAction":[{"@type":"SearchAction","target":{"@type":"EntryPoint","urlTemplate":"https:\/\/www.trabajando.cl\/blog\/?s={search_term_string}"},"query-input":"required name=search_term_string"}],"inLanguage":"es"},{"@type":"Person","@id":"https:\/\/www.trabajando.cl\/blog\/#\/schema\/person\/2f81ba1c743bcd996f996cc93ce37982","name":"Rodrigo Palma","image":{"@type":"ImageObject","inLanguage":"es","@id":"https:\/\/www.trabajando.cl\/blog\/#\/schema\/person\/image\/","url":"https:\/\/secure.gravatar.com\/avatar\/86ee8b08d14e90003e770289d4e15297?s=96&d=mm&r=g","contentUrl":"https:\/\/secure.gravatar.com\/avatar\/86ee8b08d14e90003e770289d4e15297?s=96&d=mm&r=g","caption":"Rodrigo Palma"},"url":"https:\/\/www.trabajando.cl\/blog\/author\/rpalma\/"}]}},"_links":{"self":[{"href":"https:\/\/www.trabajando.cl\/blog\/wp-json\/wp\/v2\/posts\/4013"}],"collection":[{"href":"https:\/\/www.trabajando.cl\/blog\/wp-json\/wp\/v2\/posts"}],"about":[{"href":"https:\/\/www.trabajando.cl\/blog\/wp-json\/wp\/v2\/types\/post"}],"author":[{"embeddable":true,"href":"https:\/\/www.trabajando.cl\/blog\/wp-json\/wp\/v2\/users\/24"}],"replies":[{"embeddable":true,"href":"https:\/\/www.trabajando.cl\/blog\/wp-json\/wp\/v2\/comments?post=4013"}],"version-history":[{"count":3,"href":"https:\/\/www.trabajando.cl\/blog\/wp-json\/wp\/v2\/posts\/4013\/revisions"}],"predecessor-version":[{"id":4017,"href":"https:\/\/www.trabajando.cl\/blog\/wp-json\/wp\/v2\/posts\/4013\/revisions\/4017"}],"wp:featuredmedia":[{"embeddable":true,"href":"https:\/\/www.trabajando.cl\/blog\/wp-json\/wp\/v2\/media\/4016"}],"wp:attachment":[{"href":"https:\/\/www.trabajando.cl\/blog\/wp-json\/wp\/v2\/media?parent=4013"}],"wp:term":[{"taxonomy":"category","embeddable":true,"href":"https:\/\/www.trabajando.cl\/blog\/wp-json\/wp\/v2\/categories?post=4013"},{"taxonomy":"post_tag","embeddable":true,"href":"https:\/\/www.trabajando.cl\/blog\/wp-json\/wp\/v2\/tags?post=4013"}],"curies":[{"name":"wp","href":"https:\/\/api.w.org\/{rel}","templated":true}]}}