{"id":3921,"date":"2022-11-03T12:09:27","date_gmt":"2022-11-03T15:09:27","guid":{"rendered":"https:\/\/www.trabajando.cl\/blog\/?p=3921"},"modified":"2023-04-27T19:02:51","modified_gmt":"2023-04-27T22:02:51","slug":"generaciones-en-el-trabajo","status":"publish","type":"post","link":"https:\/\/www.trabajando.cl\/blog\/generaciones-en-el-trabajo\/","title":{"rendered":"Generaciones en el trabajo: c\u00f3mo motivar a cada una"},"content":{"rendered":"\n<p>Con la llegada de la generaci\u00f3n Z a la fuerza laboral, ahora tenemos 4 generaciones en el trabajo, y muchas veces en los mismos equipos. Por lo que entender sus caracter\u00edsticas, motivaciones y deseos son fundamentales para conocer c\u00f3mo motivar a cada generaci\u00f3n.<\/p>\n\n\n\n<h2 class=\"wp-block-heading\">\u00bfQu\u00e9 generaciones se encuentran en el trabajo?<\/h2>\n\n\n\n<h3 class=\"wp-block-heading\">Baby Boomers<\/h3>\n\n\n\n<p>Nacidos entre 1949 y 1968, son personas ambiciosas y competitivas que buscan principalmente estabilidad y estatus. Son optimistas y privilegian el trabajo en equipo.<\/p>\n\n\n\n<p>\u00bfC\u00f3mo motivarlos?: Para motivar a los baby boomer es importante entregarles reconocimiento p\u00fablico, consultarles y pedirles consejos, darles cargos donde su experiencia y capacidades puedan ser reconocidas y puedan traspasar sus conocimientos a los m\u00e1s j\u00f3venes,<\/p>\n\n\n\n<h3 class=\"wp-block-heading\">Generaci\u00f3n X<\/h3>\n\n\n\n<p>Son aquellos nacidos entre 1968 y 1980, le dan importancia al \u00e9xito profesional y al dinero que esto conlleva. Buscan que su \u00e9xito sea visibilizado. Son flexibles y m\u00e1s informales que la generaci\u00f3n anterior.<\/p>\n\n\n\n<p>\u00bfQu\u00e9 les motiva?: Est\u00e1 generaci\u00f3n busca libertad para trabajar, que se les entregue reconocimiento a sus aportes y se les incentive la creatividad. Es importante darles feedback continuo y premiarlos con tiempo libre y poco control de sus jefaturas.<\/p>\n\n\n\n<h3 class=\"wp-block-heading\">Generaci\u00f3n Y<\/h3>\n\n\n\n<p>Generaci\u00f3n Y o Millenials son los que nacieron entre 1981 y 1993, son personas que se encuentran frustradas, tienen mayor mentalidad c\u00edvica y social, tienen una mente abierta hacia la inclusi\u00f3n y diversidad, y est\u00e1n principalmente orientados a objetivos.<\/p>\n\n\n\n<p>\u00bfC\u00f3mo motivarlos?: Para esta generaci\u00f3n es importante que sientan que su opini\u00f3n es escuchada y hay que darles la oportunidad de aprender. Tambi\u00e9n buscan horarios flexibles y que puedan balancear su vida personal y profesional. La mejor manera de premiarlos es mediante viajes y coaching.<\/p>\n\n\n\n<h3 class=\"wp-block-heading\">Generaci\u00f3n Z<\/h3>\n\n\n\n<p>Esta es la nueva generaci\u00f3n en el trabajo y son aquellos que nacieron entre 1994 y 2010. La generaci\u00f3n Z es nativa digital y progresista. Son dispersos y tienen poco foco. Son irreverentes, globales y n\u00f3mades.<\/p>\n\n\n\n<p>\u00bfQu\u00e9 les motiva?: Para motivar a esta generaci\u00f3n es importante mantenerlos con m\u00faltiples proyectos simult\u00e1neos, invit\u00e1ndolos a causas sociales o voluntariados. Quieren ser involucrados en el desarrollo de los sistemas de trabajo y trabajar por objetivos m\u00e1s que por horario. Se puede estimular con proyectos de impacto social y sustentabilidad.<\/p>\n\n\n\n<p><\/p>\n\n\n\n<p>As\u00ed que ya sabes, si est\u00e1s trabajando con cualquiera de est\u00e1s generaciones puedes aprender m\u00e1s de ellos y saber c\u00f3mo trabajar de mejor manera y formar mejores equipos.<\/p>\n","protected":false},"excerpt":{"rendered":"<p>Con la llegada de la generaci\u00f3n Z a la fuerza laboral, ahora tenemos 4 generaciones en el trabajo, y muchas veces en los mismos equipos. Por lo que entender sus caracter\u00edsticas, motivaciones y deseos son fundamentales para conocer c\u00f3mo motivar a cada generaci\u00f3n. \u00bfQu\u00e9 generaciones se encuentran en el trabajo? Baby Boomers Nacidos entre 1949 [&hellip;]<\/p>\n","protected":false},"author":24,"featured_media":3922,"comment_status":"closed","ping_status":"closed","sticky":false,"template":"","format":"standard","meta":{"inline_featured_image":false},"categories":[38,10,37],"tags":[],"yoast_head":"<!-- This site is optimized with the Yoast SEO plugin v20.5 - https:\/\/yoast.com\/wordpress\/plugins\/seo\/ -->\n<title>Generaciones en el trabajo: c\u00f3mo motivar a cada una - Trabajando.com<\/title>\n<meta name=\"description\" content=\"Actualmente hay 4 generaciones en el trabajo. Entender sus caracter\u00edsticas y motivaciones son fundamentales para conocer c\u00f3mo motivar cada generaci\u00f3n.\" \/>\n<meta name=\"robots\" content=\"index, follow, max-snippet:-1, max-image-preview:large, max-video-preview:-1\" \/>\n<link rel=\"canonical\" href=\"https:\/\/www.trabajando.cl\/blog\/generaciones-en-el-trabajo\/\" \/>\n<meta property=\"og:locale\" content=\"es_ES\" \/>\n<meta property=\"og:type\" content=\"article\" \/>\n<meta property=\"og:title\" content=\"Generaciones en el trabajo: c\u00f3mo motivar a cada una - Trabajando.com\" \/>\n<meta property=\"og:description\" content=\"Actualmente hay 4 generaciones en el trabajo. Entender sus caracter\u00edsticas y motivaciones son fundamentales para conocer c\u00f3mo motivar cada generaci\u00f3n.\" \/>\n<meta property=\"og:url\" content=\"https:\/\/www.trabajando.cl\/blog\/generaciones-en-el-trabajo\/\" \/>\n<meta property=\"og:site_name\" content=\"Blog Trabajando.com\" \/>\n<meta property=\"article:published_time\" content=\"2022-11-03T15:09:27+00:00\" \/>\n<meta property=\"article:modified_time\" content=\"2023-04-27T22:02:51+00:00\" \/>\n<meta property=\"og:image\" content=\"https:\/\/www.trabajando.cl\/blog\/wp-content\/uploads\/2022\/11\/Portada-miniatura-6.png\" \/>\n\t<meta property=\"og:image:width\" content=\"522\" \/>\n\t<meta property=\"og:image:height\" content=\"261\" \/>\n\t<meta property=\"og:image:type\" content=\"image\/png\" \/>\n<meta name=\"author\" content=\"Rodrigo Palma\" \/>\n<meta name=\"twitter:card\" content=\"summary_large_image\" \/>\n<meta name=\"twitter:label1\" content=\"Escrito por\" \/>\n\t<meta name=\"twitter:data1\" content=\"Rodrigo Palma\" \/>\n\t<meta name=\"twitter:label2\" content=\"Tiempo de lectura\" \/>\n\t<meta name=\"twitter:data2\" content=\"2 minutos\" \/>\n<script type=\"application\/ld+json\" class=\"yoast-schema-graph\">{\"@context\":\"https:\/\/schema.org\",\"@graph\":[{\"@type\":\"WebPage\",\"@id\":\"https:\/\/www.trabajando.cl\/blog\/generaciones-en-el-trabajo\/\",\"url\":\"https:\/\/www.trabajando.cl\/blog\/generaciones-en-el-trabajo\/\",\"name\":\"Generaciones en el trabajo: c\u00f3mo motivar a cada una - Trabajando.com\",\"isPartOf\":{\"@id\":\"https:\/\/www.trabajando.cl\/blog\/#website\"},\"datePublished\":\"2022-11-03T15:09:27+00:00\",\"dateModified\":\"2023-04-27T22:02:51+00:00\",\"author\":{\"@id\":\"https:\/\/www.trabajando.cl\/blog\/#\/schema\/person\/2f81ba1c743bcd996f996cc93ce37982\"},\"description\":\"Actualmente hay 4 generaciones en el trabajo. Entender sus caracter\u00edsticas y motivaciones son fundamentales para conocer c\u00f3mo motivar cada generaci\u00f3n.\",\"breadcrumb\":{\"@id\":\"https:\/\/www.trabajando.cl\/blog\/generaciones-en-el-trabajo\/#breadcrumb\"},\"inLanguage\":\"es\",\"potentialAction\":[{\"@type\":\"ReadAction\",\"target\":[\"https:\/\/www.trabajando.cl\/blog\/generaciones-en-el-trabajo\/\"]}]},{\"@type\":\"BreadcrumbList\",\"@id\":\"https:\/\/www.trabajando.cl\/blog\/generaciones-en-el-trabajo\/#breadcrumb\",\"itemListElement\":[{\"@type\":\"ListItem\",\"position\":1,\"name\":\"Home\",\"item\":\"https:\/\/www.trabajando.cl\/blog\/\"},{\"@type\":\"ListItem\",\"position\":2,\"name\":\"Generaciones en el trabajo: c\u00f3mo motivar a cada una\"}]},{\"@type\":\"WebSite\",\"@id\":\"https:\/\/www.trabajando.cl\/blog\/#website\",\"url\":\"https:\/\/www.trabajando.cl\/blog\/\",\"name\":\"Blog Trabajando.com\",\"description\":\"Noticias, tips y consejos de trabajo en Chile. Informaci\u00f3n y \u00faltimas tendencias sobre el mercado laboral.\",\"potentialAction\":[{\"@type\":\"SearchAction\",\"target\":{\"@type\":\"EntryPoint\",\"urlTemplate\":\"https:\/\/www.trabajando.cl\/blog\/?s={search_term_string}\"},\"query-input\":\"required name=search_term_string\"}],\"inLanguage\":\"es\"},{\"@type\":\"Person\",\"@id\":\"https:\/\/www.trabajando.cl\/blog\/#\/schema\/person\/2f81ba1c743bcd996f996cc93ce37982\",\"name\":\"Rodrigo Palma\",\"image\":{\"@type\":\"ImageObject\",\"inLanguage\":\"es\",\"@id\":\"https:\/\/www.trabajando.cl\/blog\/#\/schema\/person\/image\/\",\"url\":\"https:\/\/secure.gravatar.com\/avatar\/86ee8b08d14e90003e770289d4e15297?s=96&d=mm&r=g\",\"contentUrl\":\"https:\/\/secure.gravatar.com\/avatar\/86ee8b08d14e90003e770289d4e15297?s=96&d=mm&r=g\",\"caption\":\"Rodrigo Palma\"},\"url\":\"https:\/\/www.trabajando.cl\/blog\/author\/rpalma\/\"}]}<\/script>\n<!-- \/ Yoast SEO plugin. -->","yoast_head_json":{"title":"Generaciones en el trabajo: c\u00f3mo motivar a cada una - Trabajando.com","description":"Actualmente hay 4 generaciones en el trabajo. Entender sus caracter\u00edsticas y motivaciones son fundamentales para conocer c\u00f3mo motivar cada generaci\u00f3n.","robots":{"index":"index","follow":"follow","max-snippet":"max-snippet:-1","max-image-preview":"max-image-preview:large","max-video-preview":"max-video-preview:-1"},"canonical":"https:\/\/www.trabajando.cl\/blog\/generaciones-en-el-trabajo\/","og_locale":"es_ES","og_type":"article","og_title":"Generaciones en el trabajo: c\u00f3mo motivar a cada una - Trabajando.com","og_description":"Actualmente hay 4 generaciones en el trabajo. Entender sus caracter\u00edsticas y motivaciones son fundamentales para conocer c\u00f3mo motivar cada generaci\u00f3n.","og_url":"https:\/\/www.trabajando.cl\/blog\/generaciones-en-el-trabajo\/","og_site_name":"Blog Trabajando.com","article_published_time":"2022-11-03T15:09:27+00:00","article_modified_time":"2023-04-27T22:02:51+00:00","og_image":[{"width":522,"height":261,"url":"https:\/\/www.trabajando.cl\/blog\/wp-content\/uploads\/2022\/11\/Portada-miniatura-6.png","type":"image\/png"}],"author":"Rodrigo Palma","twitter_card":"summary_large_image","twitter_misc":{"Escrito por":"Rodrigo Palma","Tiempo de lectura":"2 minutos"},"schema":{"@context":"https:\/\/schema.org","@graph":[{"@type":"WebPage","@id":"https:\/\/www.trabajando.cl\/blog\/generaciones-en-el-trabajo\/","url":"https:\/\/www.trabajando.cl\/blog\/generaciones-en-el-trabajo\/","name":"Generaciones en el trabajo: c\u00f3mo motivar a cada una - Trabajando.com","isPartOf":{"@id":"https:\/\/www.trabajando.cl\/blog\/#website"},"datePublished":"2022-11-03T15:09:27+00:00","dateModified":"2023-04-27T22:02:51+00:00","author":{"@id":"https:\/\/www.trabajando.cl\/blog\/#\/schema\/person\/2f81ba1c743bcd996f996cc93ce37982"},"description":"Actualmente hay 4 generaciones en el trabajo. Entender sus caracter\u00edsticas y motivaciones son fundamentales para conocer c\u00f3mo motivar cada generaci\u00f3n.","breadcrumb":{"@id":"https:\/\/www.trabajando.cl\/blog\/generaciones-en-el-trabajo\/#breadcrumb"},"inLanguage":"es","potentialAction":[{"@type":"ReadAction","target":["https:\/\/www.trabajando.cl\/blog\/generaciones-en-el-trabajo\/"]}]},{"@type":"BreadcrumbList","@id":"https:\/\/www.trabajando.cl\/blog\/generaciones-en-el-trabajo\/#breadcrumb","itemListElement":[{"@type":"ListItem","position":1,"name":"Home","item":"https:\/\/www.trabajando.cl\/blog\/"},{"@type":"ListItem","position":2,"name":"Generaciones en el trabajo: c\u00f3mo motivar a cada una"}]},{"@type":"WebSite","@id":"https:\/\/www.trabajando.cl\/blog\/#website","url":"https:\/\/www.trabajando.cl\/blog\/","name":"Blog Trabajando.com","description":"Noticias, tips y consejos de trabajo en Chile. Informaci\u00f3n y \u00faltimas tendencias sobre el mercado laboral.","potentialAction":[{"@type":"SearchAction","target":{"@type":"EntryPoint","urlTemplate":"https:\/\/www.trabajando.cl\/blog\/?s={search_term_string}"},"query-input":"required name=search_term_string"}],"inLanguage":"es"},{"@type":"Person","@id":"https:\/\/www.trabajando.cl\/blog\/#\/schema\/person\/2f81ba1c743bcd996f996cc93ce37982","name":"Rodrigo Palma","image":{"@type":"ImageObject","inLanguage":"es","@id":"https:\/\/www.trabajando.cl\/blog\/#\/schema\/person\/image\/","url":"https:\/\/secure.gravatar.com\/avatar\/86ee8b08d14e90003e770289d4e15297?s=96&d=mm&r=g","contentUrl":"https:\/\/secure.gravatar.com\/avatar\/86ee8b08d14e90003e770289d4e15297?s=96&d=mm&r=g","caption":"Rodrigo Palma"},"url":"https:\/\/www.trabajando.cl\/blog\/author\/rpalma\/"}]}},"_links":{"self":[{"href":"https:\/\/www.trabajando.cl\/blog\/wp-json\/wp\/v2\/posts\/3921"}],"collection":[{"href":"https:\/\/www.trabajando.cl\/blog\/wp-json\/wp\/v2\/posts"}],"about":[{"href":"https:\/\/www.trabajando.cl\/blog\/wp-json\/wp\/v2\/types\/post"}],"author":[{"embeddable":true,"href":"https:\/\/www.trabajando.cl\/blog\/wp-json\/wp\/v2\/users\/24"}],"replies":[{"embeddable":true,"href":"https:\/\/www.trabajando.cl\/blog\/wp-json\/wp\/v2\/comments?post=3921"}],"version-history":[{"count":7,"href":"https:\/\/www.trabajando.cl\/blog\/wp-json\/wp\/v2\/posts\/3921\/revisions"}],"predecessor-version":[{"id":3932,"href":"https:\/\/www.trabajando.cl\/blog\/wp-json\/wp\/v2\/posts\/3921\/revisions\/3932"}],"wp:featuredmedia":[{"embeddable":true,"href":"https:\/\/www.trabajando.cl\/blog\/wp-json\/wp\/v2\/media\/3922"}],"wp:attachment":[{"href":"https:\/\/www.trabajando.cl\/blog\/wp-json\/wp\/v2\/media?parent=3921"}],"wp:term":[{"taxonomy":"category","embeddable":true,"href":"https:\/\/www.trabajando.cl\/blog\/wp-json\/wp\/v2\/categories?post=3921"},{"taxonomy":"post_tag","embeddable":true,"href":"https:\/\/www.trabajando.cl\/blog\/wp-json\/wp\/v2\/tags?post=3921"}],"curies":[{"name":"wp","href":"https:\/\/api.w.org\/{rel}","templated":true}]}}