{"id":3692,"date":"2022-08-16T14:22:53","date_gmt":"2022-08-16T17:22:53","guid":{"rendered":"https:\/\/www.trabajando.cl\/blog\/?p=3692"},"modified":"2023-04-27T19:02:57","modified_gmt":"2023-04-27T22:02:57","slug":"reclutador-estrella-el-nuevo-reconocimiento-a-los-expertos-en-reclutamiento-y-seleccion","status":"publish","type":"post","link":"https:\/\/www.trabajando.cl\/blog\/reclutador-estrella-el-nuevo-reconocimiento-a-los-expertos-en-reclutamiento-y-seleccion\/","title":{"rendered":"&#8220;Reclutador Estrella&#8221; el nuevo reconocimiento a los reclutadores"},"content":{"rendered":"\n<p>El nuevo programa &#8220;Reclutadores Estrella&#8221; reconoce y premia a los expertos en reclutamiento y selecci\u00f3n, con mejores pr\u00e1cticas en nuestra plataforma de Trabajando.com.<\/p>\n\n\n\n<p>Felicitamos a los primeros 3 Reclutadores Estrella, correspondientes al periodo de junio 2022, quienes con paciencia, compromiso y dedicaci\u00f3n utilizaron de mejor manera nuestro portal y humanizaron el proceso ante los candidatos fomentando las buenas pr\u00e1cticas y manteniendo una comunicaci\u00f3n cercana con ellos.<\/p>\n\n\n\n<h2 class=\"has-vivid-cyan-blue-color has-text-color wp-block-heading\">Reclutadores Estrella junio 2022<\/h2>\n\n\n\n<p class=\"has-text-align-left has-medium-font-size\">                          <span style=\"color:#0693e3\" class=\"tadv-color\">Categor\u00eda Lucero<\/span><\/p>\n\n\n\n<div class=\"wp-block-columns is-layout-flex wp-container-3\">\n<div class=\"wp-block-column is-layout-flow\">\n<div class=\"wp-block-image\"><figure class=\"aligncenter size-large\"><img decoding=\"async\" loading=\"lazy\" width=\"284\" height=\"284\" src=\"https:\/\/www.trabajando.cl\/blog\/wp-content\/uploads\/2022\/08\/Reclutadores-estrella-1.png\" alt=\"Cristian Ruiz\" class=\"wp-image-3697\" srcset=\"https:\/\/www.trabajando.cl\/blog\/wp-content\/uploads\/2022\/08\/Reclutadores-estrella-1.png 284w, https:\/\/www.trabajando.cl\/blog\/wp-content\/uploads\/2022\/08\/Reclutadores-estrella-1-150x150.png 150w, https:\/\/www.trabajando.cl\/blog\/wp-content\/uploads\/2022\/08\/Reclutadores-estrella-1-60x60.png 60w\" sizes=\"(max-width: 284px) 100vw, 284px\" \/><\/figure><\/div>\n\n\n\n<p class=\"has-text-align-center\">Cristi\u00e1n Ruiz \/ Remax Central<\/p>\n<\/div>\n\n\n\n<div class=\"wp-block-column is-layout-flow\">\n<p>Ingeniero Comercial con experiencia en cargos directivos en empresas multinacionales como: Deloitte, Siemens y Unify.&nbsp;<\/p>\n\n\n\n<p>Desde hace 7 a\u00f1os es Broker Owner en RE\/MAX CENTRAL,&nbsp; Marca de Asesor\u00eda Inmobiliaria con presencia en m\u00e1s de 120 pa\u00edses, donde han sido premiados como la oficina N\u00ba1 en Chile por 6 a\u00f1os consecutivos, destac\u00e1ndose adem\u00e1s como la oficina con mayor n\u00famero de agentes a nivel nacional.<\/p>\n<\/div>\n<\/div>\n\n\n\n<p class=\"has-medium-font-size\"><span style=\"color:#0693e3\" class=\"tadv-color\">                         Categor\u00eda Astro <\/span><\/p>\n\n\n\n<div class=\"wp-block-columns is-layout-flex wp-container-6\">\n<div class=\"wp-block-column is-layout-flow\">\n<div class=\"wp-block-image\"><figure class=\"aligncenter size-large\"><img decoding=\"async\" loading=\"lazy\" width=\"286\" height=\"287\" src=\"https:\/\/www.trabajando.cl\/blog\/wp-content\/uploads\/2022\/08\/Reclutadores-estrella-3-1.png\" alt=\"Pedro Aylwin\" class=\"wp-image-3698\" srcset=\"https:\/\/www.trabajando.cl\/blog\/wp-content\/uploads\/2022\/08\/Reclutadores-estrella-3-1.png 286w, https:\/\/www.trabajando.cl\/blog\/wp-content\/uploads\/2022\/08\/Reclutadores-estrella-3-1-150x150.png 150w, https:\/\/www.trabajando.cl\/blog\/wp-content\/uploads\/2022\/08\/Reclutadores-estrella-3-1-60x60.png 60w\" sizes=\"(max-width: 286px) 100vw, 286px\" \/><\/figure><\/div>\n\n\n\n<p class=\"has-text-align-center\"><strong>Pedro Aylwin \/ Corporaci\u00f3n Educacional del Arzobispado de Santiago<\/strong><\/p>\n<\/div>\n\n\n\n<div class=\"wp-block-column is-layout-flow\">\n<p>Psic\u00f3logo de profesi\u00f3n. Inici\u00f3 su trayectoria en mayo de este a\u00f1o al aceptar el desaf\u00edo de ayudar a construir el departamento de RyS en la Corporaci\u00f3n Educacional del Arzobispado de Santiago, red de 11 colegios ubicados en contextos vulnerables. Antes se dedicaba a tiempo completo como Psic\u00f3logo Cl\u00ednico. Hasta ahora, ha podido ayudar a CEAS a construir el departamento de Reclutamiento y selecci\u00f3n, ya que antes de su llegada no exist\u00eda. Cuenta que ha sido una experiencia muy grata y satisfactoria, poder ayudar a una fundaci\u00f3n con fines sociales a encontrar docentes y asistentes de la educaci\u00f3n de calidad es un gran desaf\u00edo, en especial por el d\u00e9ficit docente que existe hoy en d\u00eda.<\/p>\n<\/div>\n<\/div>\n\n\n\n<p class=\"has-medium-font-size\">                       <span style=\"color:#0693e3\" class=\"tadv-color\">Categor\u00eda Cometa<\/span> <\/p>\n\n\n\n<div class=\"wp-block-columns is-layout-flex wp-container-9\">\n<div class=\"wp-block-column is-layout-flow\">\n<div class=\"wp-block-image\"><figure class=\"aligncenter size-large\"><img decoding=\"async\" loading=\"lazy\" width=\"285\" height=\"284\" src=\"https:\/\/www.trabajando.cl\/blog\/wp-content\/uploads\/2022\/08\/Reclutadores-estrella-2.png\" alt=\"Bel\u00e9n Correa\" class=\"wp-image-3700\" srcset=\"https:\/\/www.trabajando.cl\/blog\/wp-content\/uploads\/2022\/08\/Reclutadores-estrella-2.png 285w, https:\/\/www.trabajando.cl\/blog\/wp-content\/uploads\/2022\/08\/Reclutadores-estrella-2-150x150.png 150w, https:\/\/www.trabajando.cl\/blog\/wp-content\/uploads\/2022\/08\/Reclutadores-estrella-2-60x60.png 60w\" sizes=\"(max-width: 285px) 100vw, 285px\" \/><\/figure><\/div>\n\n\n\n<p class=\"has-text-align-center\"><strong>Bel\u00e9n Correa \/ Empresas Carozzi<\/strong><\/p>\n<\/div>\n\n\n\n<div class=\"wp-block-column is-layout-flow\">\n<p>Psic\u00f3loga de profesi\u00f3n, con 7 a\u00f1os de experiencia en el \u00e1rea de Reclutamiento y Selecci\u00f3n. Actualmente trabaja en Carozzi como Encargada de Atracci\u00f3n de Talentos. Lo que m\u00e1s le gusta de su trabajo es la relaci\u00f3n que genera diariamente con las personas, participar activamente en el proceso de atraer a los mejores profesionales a la compa\u00f1\u00eda y lo gratificante de ver c\u00f3mo las personas en la medida que ingresan logran desarrollarse y crecer junto a ellos.<\/p>\n<\/div>\n<\/div>\n\n\n\n<figure class=\"wp-block-image size-large\"><img decoding=\"async\" loading=\"lazy\" width=\"1024\" height=\"768\" src=\"https:\/\/www.trabajando.cl\/blog\/wp-content\/uploads\/2022\/08\/IMG_5804-1-1024x768.jpg\" alt=\"Premiaci\u00f3n Reclutadores estrella - Reclutamiento y seleccion\" class=\"wp-image-3702\" srcset=\"https:\/\/www.trabajando.cl\/blog\/wp-content\/uploads\/2022\/08\/IMG_5804-1-1024x768.jpg 1024w, https:\/\/www.trabajando.cl\/blog\/wp-content\/uploads\/2022\/08\/IMG_5804-1-300x225.jpg 300w, https:\/\/www.trabajando.cl\/blog\/wp-content\/uploads\/2022\/08\/IMG_5804-1-768x576.jpg 768w, https:\/\/www.trabajando.cl\/blog\/wp-content\/uploads\/2022\/08\/IMG_5804-1-1536x1152.jpg 1536w, https:\/\/www.trabajando.cl\/blog\/wp-content\/uploads\/2022\/08\/IMG_5804-1-2048x1536.jpg 2048w\" sizes=\"(max-width: 1024px) 100vw, 1024px\" \/><figcaption>Premiaci\u00f3n de los reclutadores estrella<\/figcaption><\/figure>\n\n\n\n<h2 class=\"has-vivid-cyan-blue-color has-text-color wp-block-heading\">\u00bfC\u00f3mo nace &#8220;Reclutador Estrella&#8221; en el mundo del reclutamiento y selecci\u00f3n?<\/h2>\n\n\n\n<p>Hoy el mundo de la atracci\u00f3n de talento es cada vez m\u00e1s dif\u00edcil. Encontrar el mejor candidato requiere m\u00e1s esfuerzo y puede tomar tiempo. Las empresas y reclutadores, debido al exceso de carga de trabajo, solo tienen tiempo para leer algunos de los CV\u2019s que reciben y no siempre tienen el tiempo para informar acerca de las etapas en que se encuentran los candidatos, ni cuando se cierran los procesos.&nbsp;<\/p>\n\n\n\n<p>Debido a esto, para los candidatos buscar trabajo pasa a ser un proceso largo, tedioso e incierto, llegando incluso a ser desmotivador. \u00bfPor qu\u00e9? Porque actualmente las personas quieren saber qu\u00e9 est\u00e1 pasando y tener informaci\u00f3n sobre su proceso. Hay casos en que esto pasa incluso antes de postular. Por ejemplo, cuando a pesar de que el cargo es interesante, la empresa aparece como confidencial.<\/p>\n\n\n\n<h3 class=\"has-vivid-cyan-blue-color has-text-color wp-block-heading\">\u00bfQu\u00e9 es &#8220;Reclutador Estrella&#8221;?<\/h3>\n\n\n\n<p>Queremos generar un cambio basado en nuestro prop\u00f3sito: <em>Impactar positivamente en la sociedad, facilitando el acceso al trabajo e impulsando transformaciones para dignificar la vida de muchas personas.<\/em>\u00a0<\/p>\n\n\n\n<p>Por ello, entendiendo que su trabajo no es f\u00e1cil, premiaremos y destacaremos la gesti\u00f3n y dedicaci\u00f3n de los reclutadores a sus procesos de reclutamiento y selecci\u00f3n a trav\u00e9s de nuestro portal. Sabemos que diariamente hacen un trabajo de mucho esfuerzo, siendo meticulosos y pacientes para atraer a su empresa a los mejores talentos, y para los candidatos es importante la cercan\u00eda que tienen con ustedes, la forma en que realizan los procesos y c\u00f3mo se humaniza de cara a ellos.<\/p>\n\n\n\n<h3 class=\"has-vivid-cyan-blue-color has-text-color wp-block-heading\">\u00bfC\u00f3mo obtener el reconocimiento en reclutamiento y selecci\u00f3n?<\/h3>\n\n\n\n<p>En Trabajando.com creemos que es importante tomar en consideraci\u00f3n diversos indicadores del proceso de reclutamiento y selecci\u00f3n:<\/p>\n\n\n\n<p>Respecto al proceso:<\/p>\n\n\n\n<ol><li>Porcentaje de curr\u00edculums vistos del total recibidos<\/li><li>Avance de etapas en el proceso de reclutamiento del candidato.<\/li><li>Comunicaci\u00f3n que se mantiene durante el proceso con el candidato, mediante nuestro espacio &#8220;<em>Comunicate<\/em>&#8220;.<\/li><li>Aperturas y cierres adecuados de los procesos.<\/li><\/ol>\n\n\n\n<p>Respecto a los avisos, destacaremos la transpariencia:<\/p>\n\n\n\n<ul><li>Nombre de la empresa<\/li><\/ul>\n\n\n\n<ul><li>Muestra del sueldo ofrecido<\/li><\/ul>\n\n\n\n<ul><li>Uso de la geolocalizaci\u00f3n<\/li><\/ul>\n\n\n\n<h3 class=\"has-vivid-cyan-blue-color has-text-color wp-block-heading\">\u00bfCu\u00e1les son las categor\u00edas?<\/h3>\n\n\n\n<p>Hemos creado tres categor\u00edas de para nuestros reclutadores estrella, dependiendo de la cantidad de ofertas publicadas al mes:<\/p>\n\n\n\n<p><strong>Categor\u00eda Lucero<\/strong>: De 3 a 9 avisos al mes. Representa el 73% de los reclutadores que participan y publican el 37% de los procesos totales al mes.<\/p>\n\n\n\n<p><strong>Categor\u00eda Astro<\/strong>: De 10 a 19 avisos al mes. Representa el 20% de los reclutadores que participan y publican el 30% de los procesos totales al mes.<\/p>\n\n\n\n<p><strong>Categor\u00eda Cometa<\/strong>: M\u00e1s de 20 avisos al mes. Representa el 7% de los reclutadores que participan y publican el 33% de los procesos totales al mes.<\/p>\n\n\n\n<figure class=\"wp-block-image size-large\"><img decoding=\"async\" loading=\"lazy\" width=\"1024\" height=\"576\" src=\"https:\/\/www.trabajando.cl\/blog\/wp-content\/uploads\/2022\/08\/IMG_2993-1024x576.jpg\" alt=\"\" class=\"wp-image-3705\" srcset=\"https:\/\/www.trabajando.cl\/blog\/wp-content\/uploads\/2022\/08\/IMG_2993-1024x576.jpg 1024w, https:\/\/www.trabajando.cl\/blog\/wp-content\/uploads\/2022\/08\/IMG_2993-300x169.jpg 300w, https:\/\/www.trabajando.cl\/blog\/wp-content\/uploads\/2022\/08\/IMG_2993-768x432.jpg 768w, https:\/\/www.trabajando.cl\/blog\/wp-content\/uploads\/2022\/08\/IMG_2993-1536x864.jpg 1536w, https:\/\/www.trabajando.cl\/blog\/wp-content\/uploads\/2022\/08\/IMG_2993-2048x1152.jpg 2048w\" sizes=\"(max-width: 1024px) 100vw, 1024px\" \/><figcaption>Premios a los reclutadores estrella<\/figcaption><\/figure>\n","protected":false},"excerpt":{"rendered":"<p>Queremos felicitar a los 3 expertos en reclutamiento y selecci\u00f3n de Junio 2022, quienes con paciencia, compromiso y dedicaci\u00f3n utilizaron de mejor manera nuestro portal, humanizaron el proceso ante los candidatos: avisando sobre el proceso y teniendo cercan\u00eda con ellos.<\/p>\n","protected":false},"author":22,"featured_media":3704,"comment_status":"closed","ping_status":"closed","sticky":false,"template":"","format":"standard","meta":{"inline_featured_image":false},"categories":[10,37],"tags":[11,119],"yoast_head":"<!-- This site is optimized with the Yoast SEO plugin v20.5 - https:\/\/yoast.com\/wordpress\/plugins\/seo\/ -->\n<title>Expertos en reclutamiento y selecci\u00f3n: &quot;Reclutadores estrella&quot;<\/title>\n<meta name=\"description\" content=\"El nuevo programa &quot;Reclutadores Estrella&quot; reconoce y premia a los expertos en reclutamiento y selecci\u00f3n, con mejores pr\u00e1cticas en nuestra plataforma\" \/>\n<meta name=\"robots\" content=\"index, follow, max-snippet:-1, max-image-preview:large, max-video-preview:-1\" \/>\n<link rel=\"canonical\" href=\"https:\/\/www.trabajando.cl\/blog\/reclutador-estrella-el-nuevo-reconocimiento-a-los-expertos-en-reclutamiento-y-seleccion\/\" \/>\n<meta property=\"og:locale\" content=\"es_ES\" \/>\n<meta property=\"og:type\" content=\"article\" \/>\n<meta property=\"og:title\" content=\"Expertos en reclutamiento y selecci\u00f3n: &quot;Reclutadores estrella&quot;\" \/>\n<meta property=\"og:description\" content=\"El nuevo programa &quot;Reclutadores Estrella&quot; reconoce y premia a los expertos en reclutamiento y selecci\u00f3n, con mejores pr\u00e1cticas en nuestra plataforma\" \/>\n<meta property=\"og:url\" content=\"https:\/\/www.trabajando.cl\/blog\/reclutador-estrella-el-nuevo-reconocimiento-a-los-expertos-en-reclutamiento-y-seleccion\/\" \/>\n<meta property=\"og:site_name\" content=\"Blog Trabajando.com\" \/>\n<meta property=\"article:published_time\" content=\"2022-08-16T17:22:53+00:00\" \/>\n<meta property=\"article:modified_time\" content=\"2023-04-27T22:02:57+00:00\" \/>\n<meta property=\"og:image\" content=\"https:\/\/www.trabajando.cl\/blog\/wp-content\/uploads\/2022\/08\/Portada-miniatura-1-1.png\" \/>\n\t<meta property=\"og:image:width\" content=\"522\" \/>\n\t<meta property=\"og:image:height\" content=\"261\" \/>\n\t<meta property=\"og:image:type\" content=\"image\/png\" \/>\n<meta name=\"author\" content=\"appuser\" \/>\n<meta name=\"twitter:card\" content=\"summary_large_image\" \/>\n<meta name=\"twitter:label1\" content=\"Escrito por\" \/>\n\t<meta name=\"twitter:data1\" content=\"appuser\" \/>\n\t<meta name=\"twitter:label2\" content=\"Tiempo de lectura\" \/>\n\t<meta name=\"twitter:data2\" content=\"4 minutos\" \/>\n<script type=\"application\/ld+json\" class=\"yoast-schema-graph\">{\"@context\":\"https:\/\/schema.org\",\"@graph\":[{\"@type\":\"WebPage\",\"@id\":\"https:\/\/www.trabajando.cl\/blog\/reclutador-estrella-el-nuevo-reconocimiento-a-los-expertos-en-reclutamiento-y-seleccion\/\",\"url\":\"https:\/\/www.trabajando.cl\/blog\/reclutador-estrella-el-nuevo-reconocimiento-a-los-expertos-en-reclutamiento-y-seleccion\/\",\"name\":\"Expertos en reclutamiento y selecci\u00f3n: \\\"Reclutadores estrella\\\"\",\"isPartOf\":{\"@id\":\"https:\/\/www.trabajando.cl\/blog\/#website\"},\"datePublished\":\"2022-08-16T17:22:53+00:00\",\"dateModified\":\"2023-04-27T22:02:57+00:00\",\"author\":{\"@id\":\"https:\/\/www.trabajando.cl\/blog\/#\/schema\/person\/a9970f4bd5bba153c1085154c52f45ef\"},\"description\":\"El nuevo programa \\\"Reclutadores Estrella\\\" reconoce y premia a los expertos en reclutamiento y selecci\u00f3n, con mejores pr\u00e1cticas en nuestra plataforma\",\"breadcrumb\":{\"@id\":\"https:\/\/www.trabajando.cl\/blog\/reclutador-estrella-el-nuevo-reconocimiento-a-los-expertos-en-reclutamiento-y-seleccion\/#breadcrumb\"},\"inLanguage\":\"es\",\"potentialAction\":[{\"@type\":\"ReadAction\",\"target\":[\"https:\/\/www.trabajando.cl\/blog\/reclutador-estrella-el-nuevo-reconocimiento-a-los-expertos-en-reclutamiento-y-seleccion\/\"]}]},{\"@type\":\"BreadcrumbList\",\"@id\":\"https:\/\/www.trabajando.cl\/blog\/reclutador-estrella-el-nuevo-reconocimiento-a-los-expertos-en-reclutamiento-y-seleccion\/#breadcrumb\",\"itemListElement\":[{\"@type\":\"ListItem\",\"position\":1,\"name\":\"Home\",\"item\":\"https:\/\/www.trabajando.cl\/blog\/\"},{\"@type\":\"ListItem\",\"position\":2,\"name\":\"&#8220;Reclutador Estrella&#8221; el nuevo reconocimiento a los reclutadores\"}]},{\"@type\":\"WebSite\",\"@id\":\"https:\/\/www.trabajando.cl\/blog\/#website\",\"url\":\"https:\/\/www.trabajando.cl\/blog\/\",\"name\":\"Blog Trabajando.com\",\"description\":\"Noticias, tips y consejos de trabajo en Chile. Informaci\u00f3n y \u00faltimas tendencias sobre el mercado laboral.\",\"potentialAction\":[{\"@type\":\"SearchAction\",\"target\":{\"@type\":\"EntryPoint\",\"urlTemplate\":\"https:\/\/www.trabajando.cl\/blog\/?s={search_term_string}\"},\"query-input\":\"required name=search_term_string\"}],\"inLanguage\":\"es\"},{\"@type\":\"Person\",\"@id\":\"https:\/\/www.trabajando.cl\/blog\/#\/schema\/person\/a9970f4bd5bba153c1085154c52f45ef\",\"name\":\"appuser\",\"image\":{\"@type\":\"ImageObject\",\"inLanguage\":\"es\",\"@id\":\"https:\/\/www.trabajando.cl\/blog\/#\/schema\/person\/image\/\",\"url\":\"https:\/\/secure.gravatar.com\/avatar\/2e7990143d3a5ecbe827c042f5393d37?s=96&d=mm&r=g\",\"contentUrl\":\"https:\/\/secure.gravatar.com\/avatar\/2e7990143d3a5ecbe827c042f5393d37?s=96&d=mm&r=g\",\"caption\":\"appuser\"},\"url\":\"https:\/\/www.trabajando.cl\/blog\/author\/appuser\/\"}]}<\/script>\n<!-- \/ Yoast SEO plugin. -->","yoast_head_json":{"title":"Expertos en reclutamiento y selecci\u00f3n: \"Reclutadores estrella\"","description":"El nuevo programa \"Reclutadores Estrella\" reconoce y premia a los expertos en reclutamiento y selecci\u00f3n, con mejores pr\u00e1cticas en nuestra plataforma","robots":{"index":"index","follow":"follow","max-snippet":"max-snippet:-1","max-image-preview":"max-image-preview:large","max-video-preview":"max-video-preview:-1"},"canonical":"https:\/\/www.trabajando.cl\/blog\/reclutador-estrella-el-nuevo-reconocimiento-a-los-expertos-en-reclutamiento-y-seleccion\/","og_locale":"es_ES","og_type":"article","og_title":"Expertos en reclutamiento y selecci\u00f3n: \"Reclutadores estrella\"","og_description":"El nuevo programa \"Reclutadores Estrella\" reconoce y premia a los expertos en reclutamiento y selecci\u00f3n, con mejores pr\u00e1cticas en nuestra plataforma","og_url":"https:\/\/www.trabajando.cl\/blog\/reclutador-estrella-el-nuevo-reconocimiento-a-los-expertos-en-reclutamiento-y-seleccion\/","og_site_name":"Blog Trabajando.com","article_published_time":"2022-08-16T17:22:53+00:00","article_modified_time":"2023-04-27T22:02:57+00:00","og_image":[{"width":522,"height":261,"url":"https:\/\/www.trabajando.cl\/blog\/wp-content\/uploads\/2022\/08\/Portada-miniatura-1-1.png","type":"image\/png"}],"author":"appuser","twitter_card":"summary_large_image","twitter_misc":{"Escrito por":"appuser","Tiempo de lectura":"4 minutos"},"schema":{"@context":"https:\/\/schema.org","@graph":[{"@type":"WebPage","@id":"https:\/\/www.trabajando.cl\/blog\/reclutador-estrella-el-nuevo-reconocimiento-a-los-expertos-en-reclutamiento-y-seleccion\/","url":"https:\/\/www.trabajando.cl\/blog\/reclutador-estrella-el-nuevo-reconocimiento-a-los-expertos-en-reclutamiento-y-seleccion\/","name":"Expertos en reclutamiento y selecci\u00f3n: \"Reclutadores estrella\"","isPartOf":{"@id":"https:\/\/www.trabajando.cl\/blog\/#website"},"datePublished":"2022-08-16T17:22:53+00:00","dateModified":"2023-04-27T22:02:57+00:00","author":{"@id":"https:\/\/www.trabajando.cl\/blog\/#\/schema\/person\/a9970f4bd5bba153c1085154c52f45ef"},"description":"El nuevo programa \"Reclutadores Estrella\" reconoce y premia a los expertos en reclutamiento y selecci\u00f3n, con mejores pr\u00e1cticas en nuestra plataforma","breadcrumb":{"@id":"https:\/\/www.trabajando.cl\/blog\/reclutador-estrella-el-nuevo-reconocimiento-a-los-expertos-en-reclutamiento-y-seleccion\/#breadcrumb"},"inLanguage":"es","potentialAction":[{"@type":"ReadAction","target":["https:\/\/www.trabajando.cl\/blog\/reclutador-estrella-el-nuevo-reconocimiento-a-los-expertos-en-reclutamiento-y-seleccion\/"]}]},{"@type":"BreadcrumbList","@id":"https:\/\/www.trabajando.cl\/blog\/reclutador-estrella-el-nuevo-reconocimiento-a-los-expertos-en-reclutamiento-y-seleccion\/#breadcrumb","itemListElement":[{"@type":"ListItem","position":1,"name":"Home","item":"https:\/\/www.trabajando.cl\/blog\/"},{"@type":"ListItem","position":2,"name":"&#8220;Reclutador Estrella&#8221; el nuevo reconocimiento a los reclutadores"}]},{"@type":"WebSite","@id":"https:\/\/www.trabajando.cl\/blog\/#website","url":"https:\/\/www.trabajando.cl\/blog\/","name":"Blog Trabajando.com","description":"Noticias, tips y consejos de trabajo en Chile. Informaci\u00f3n y \u00faltimas tendencias sobre el mercado laboral.","potentialAction":[{"@type":"SearchAction","target":{"@type":"EntryPoint","urlTemplate":"https:\/\/www.trabajando.cl\/blog\/?s={search_term_string}"},"query-input":"required name=search_term_string"}],"inLanguage":"es"},{"@type":"Person","@id":"https:\/\/www.trabajando.cl\/blog\/#\/schema\/person\/a9970f4bd5bba153c1085154c52f45ef","name":"appuser","image":{"@type":"ImageObject","inLanguage":"es","@id":"https:\/\/www.trabajando.cl\/blog\/#\/schema\/person\/image\/","url":"https:\/\/secure.gravatar.com\/avatar\/2e7990143d3a5ecbe827c042f5393d37?s=96&d=mm&r=g","contentUrl":"https:\/\/secure.gravatar.com\/avatar\/2e7990143d3a5ecbe827c042f5393d37?s=96&d=mm&r=g","caption":"appuser"},"url":"https:\/\/www.trabajando.cl\/blog\/author\/appuser\/"}]}},"_links":{"self":[{"href":"https:\/\/www.trabajando.cl\/blog\/wp-json\/wp\/v2\/posts\/3692"}],"collection":[{"href":"https:\/\/www.trabajando.cl\/blog\/wp-json\/wp\/v2\/posts"}],"about":[{"href":"https:\/\/www.trabajando.cl\/blog\/wp-json\/wp\/v2\/types\/post"}],"author":[{"embeddable":true,"href":"https:\/\/www.trabajando.cl\/blog\/wp-json\/wp\/v2\/users\/22"}],"replies":[{"embeddable":true,"href":"https:\/\/www.trabajando.cl\/blog\/wp-json\/wp\/v2\/comments?post=3692"}],"version-history":[{"count":5,"href":"https:\/\/www.trabajando.cl\/blog\/wp-json\/wp\/v2\/posts\/3692\/revisions"}],"predecessor-version":[{"id":3707,"href":"https:\/\/www.trabajando.cl\/blog\/wp-json\/wp\/v2\/posts\/3692\/revisions\/3707"}],"wp:featuredmedia":[{"embeddable":true,"href":"https:\/\/www.trabajando.cl\/blog\/wp-json\/wp\/v2\/media\/3704"}],"wp:attachment":[{"href":"https:\/\/www.trabajando.cl\/blog\/wp-json\/wp\/v2\/media?parent=3692"}],"wp:term":[{"taxonomy":"category","embeddable":true,"href":"https:\/\/www.trabajando.cl\/blog\/wp-json\/wp\/v2\/categories?post=3692"},{"taxonomy":"post_tag","embeddable":true,"href":"https:\/\/www.trabajando.cl\/blog\/wp-json\/wp\/v2\/tags?post=3692"}],"curies":[{"name":"wp","href":"https:\/\/api.w.org\/{rel}","templated":true}]}}