{"id":3148,"date":"2023-04-11T18:43:24","date_gmt":"2023-04-11T21:43:24","guid":{"rendered":"https:\/\/www.trabajando.cl\/blog\/?p=3148"},"modified":"2023-07-31T14:58:38","modified_gmt":"2023-07-31T17:58:38","slug":"conoce-el-servicio-de-orientacion-en-linea-de-sence","status":"publish","type":"post","link":"https:\/\/www.trabajando.cl\/blog\/conoce-el-servicio-de-orientacion-en-linea-de-sence\/","title":{"rendered":"Conoce el Servicio de Orientaci\u00f3n en l\u00ednea"},"content":{"rendered":"\n<p style=\"font-size:18px\"><strong>Porque sabemos que no es f\u00e1cil, te ayudamos a encontrar ese trabajo que necesitas.<\/strong> Ases\u00f3rate con nuestros orientadores laborales y mejora tu b\u00fasqueda de empleo de forma remota y 100% gratuita con el Servicio de Orientaci\u00f3n en l\u00ednea de SENCE.<\/p>\n\n\n\n<div style=\"height:25px\" aria-hidden=\"true\" class=\"wp-block-spacer\"><\/div>\n\n\n\n<h3 class=\"wp-block-heading\" style=\"font-size:18px\">\u00a1<strong>Resuelve tus dudas y lleva tu b\u00fasqueda de trabajo al siguiente nivel<\/strong>!<\/h3>\n\n\n\n<div style=\"height:20px\" aria-hidden=\"true\" class=\"wp-block-spacer\"><\/div>\n\n\n\n<h2 class=\"wp-block-heading\">\u00bfC\u00f3mo te ayudamos a mejorar tu b\u00fasqueda laboral?<\/h2>\n\n\n\n<div style=\"height:20px\" aria-hidden=\"true\" class=\"wp-block-spacer\"><\/div>\n\n\n\n<div class=\"wp-block-media-text alignwide is-stacked-on-mobile\" style=\"grid-template-columns:27% auto\"><figure class=\"wp-block-media-text__media\"><img decoding=\"async\" loading=\"lazy\" width=\"250\" height=\"250\" src=\"https:\/\/www.trabajando.cl\/blog\/wp-content\/uploads\/2023\/04\/videollamada-1.png\" alt=\"Agendar videollamada para mejorar tu b\u00fasqueda de trabajo\" class=\"wp-image-4946 size-full\" srcset=\"https:\/\/www.trabajando.cl\/blog\/wp-content\/uploads\/2023\/04\/videollamada-1.png 250w, https:\/\/www.trabajando.cl\/blog\/wp-content\/uploads\/2023\/04\/videollamada-1-150x150.png 150w, https:\/\/www.trabajando.cl\/blog\/wp-content\/uploads\/2023\/04\/videollamada-1-60x60.png 60w\" sizes=\"(max-width: 250px) 100vw, 250px\" \/><\/figure><div class=\"wp-block-media-text__content\">\n<h3 class=\"wp-block-heading\">Habla con un psic\u00f3logo laboral<\/h3>\n\n\n\n<p>Agenda una sesi\u00f3n de asesor\u00eda laboral con un especialista para potenciar tu b\u00fasqueda de empleo, gestionar tus redes de contacto, mejorar tus entrevistas y mucho m\u00e1s. Duraci\u00f3n de la sesi\u00f3n: 60 minutos.<\/p>\n\n\n\n<div class=\"wp-block-buttons is-content-justification-center is-layout-flex wp-container-1\">\n<div class=\"wp-block-button aligncenter is-style-fill\"><a class=\"wp-block-button__link has-white-color has-text-color has-background wp-element-button\" href=\"https:\/\/sence.gob.cl\/personas\/agendamientovideollamada\/?utm_source=Blog&amp;utm_medium=Social&amp;utm_campaign=Boton-mejoratuempleabilidad\" style=\"background-color:#0077c8\" target=\"_blank\" rel=\"noreferrer noopener\"><strong>Reserva tu hora<\/strong><\/a><\/div>\n<\/div>\n<\/div><\/div>\n\n\n\n<div style=\"height:20px\" aria-hidden=\"true\" class=\"wp-block-spacer\"><\/div>\n\n\n\n<div class=\"wp-block-media-text alignwide is-stacked-on-mobile\" style=\"grid-template-columns:27% auto\"><figure class=\"wp-block-media-text__media\"><img decoding=\"async\" loading=\"lazy\" width=\"250\" height=\"250\" src=\"https:\/\/www.trabajando.cl\/blog\/wp-content\/uploads\/2023\/04\/calendar-talleres.png\" alt=\"\" class=\"wp-image-4947 size-full\" srcset=\"https:\/\/www.trabajando.cl\/blog\/wp-content\/uploads\/2023\/04\/calendar-talleres.png 250w, https:\/\/www.trabajando.cl\/blog\/wp-content\/uploads\/2023\/04\/calendar-talleres-150x150.png 150w, https:\/\/www.trabajando.cl\/blog\/wp-content\/uploads\/2023\/04\/calendar-talleres-60x60.png 60w\" sizes=\"(max-width: 250px) 100vw, 250px\" \/><\/figure><div class=\"wp-block-media-text__content\">\n<h3 class=\"wp-block-heading\">Talleres online<\/h3>\n\n\n\n<p>Aprende con ayuda de expertos: Todas las semanas se imparten talleres en donde se abordan temas relacionado a la b\u00fasqueda de trabajo. Las sesiones son 100% interactivas, por lo tanto, puedes hacer preguntas y conversar sobre tu propia experiencia.<\/p>\n\n\n\n<div class=\"wp-block-buttons is-content-justification-center is-layout-flex wp-container-2\">\n<div class=\"wp-block-button aligncenter is-style-fill\"><a class=\"wp-block-button__link has-white-color has-text-color has-background wp-element-button\" href=\"https:\/\/sence.gob.cl\/personas\/talleres\/?utm_source=Blog&amp;utm_medium=Social&amp;utm_campaign=Boton-mejoratuempleabilidad\" style=\"background-color:#0077c8\" target=\"_blank\" rel=\"noreferrer noopener\"><strong>Inscr\u00edbete aqu\u00ed<\/strong><\/a><\/div>\n<\/div>\n<\/div><\/div>\n\n\n\n<div style=\"height:20px\" aria-hidden=\"true\" class=\"wp-block-spacer\"><\/div>\n\n\n\n<div class=\"wp-block-media-text alignwide is-stacked-on-mobile\" style=\"grid-template-columns:27% auto\"><figure class=\"wp-block-media-text__media\"><img decoding=\"async\" loading=\"lazy\" width=\"250\" height=\"250\" src=\"https:\/\/www.trabajando.cl\/blog\/wp-content\/uploads\/2023\/04\/recursos-sole.png\" alt=\"Ver material descargable para potenciar tu b\u00fasqueda de trabajo\" class=\"wp-image-4948 size-full\" srcset=\"https:\/\/www.trabajando.cl\/blog\/wp-content\/uploads\/2023\/04\/recursos-sole.png 250w, https:\/\/www.trabajando.cl\/blog\/wp-content\/uploads\/2023\/04\/recursos-sole-150x150.png 150w, https:\/\/www.trabajando.cl\/blog\/wp-content\/uploads\/2023\/04\/recursos-sole-60x60.png 60w\" sizes=\"(max-width: 250px) 100vw, 250px\" \/><\/figure><div class=\"wp-block-media-text__content\">\n<h3 class=\"wp-block-heading\">Material de apoyo<\/h3>\n\n\n\n<p>Encuentra aqu\u00ed toda la informaci\u00f3n que necesitas para comenzar tu b\u00fasqueda laboral: Recursos, videos e infograf\u00edas que te ayudar\u00e1n a estructurar y mejorar tu proceso.<\/p>\n\n\n\n<div class=\"wp-block-buttons is-content-justification-center is-layout-flex wp-container-3\">\n<div class=\"wp-block-button aligncenter is-style-fill\"><a class=\"wp-block-button__link has-white-color has-text-color has-background wp-element-button\" href=\"https:\/\/sence.gob.cl\/personas\/orientacion-laboral-en-linea\/?utm_source=Blog&amp;utm_medium=Social&amp;utm_campaign=Boton-mejoratuempleabilidad\" style=\"background-color:#0077c8\" target=\"_blank\" rel=\"noreferrer noopener\"><strong>Revisa el material<\/strong><\/a><\/div>\n<\/div>\n<\/div><\/div>\n\n\n\n<div style=\"height:70px\" aria-hidden=\"true\" class=\"wp-block-spacer\"><\/div>\n\n\n\n<hr class=\"wp-block-separator has-text-color has-vivid-cyan-blue-color has-alpha-channel-opacity has-vivid-cyan-blue-background-color has-background is-style-wide\"\/>\n\n\n\n<div style=\"height:40px\" aria-hidden=\"true\" class=\"wp-block-spacer\"><\/div>\n\n\n\n<h4 class=\"wp-block-heading\">Sobre el servicio de Orientaci\u00f3n en l\u00ednea de SENCE:<\/h4>\n\n\n\n<p>El <strong><a href=\"https:\/\/sence.gob.cl\/personas\/orientacion-laboral\" target=\"_blank\" rel=\"noreferrer noopener\">Servicio de Orientaci\u00f3n Laboral en L\u00ednea de SENCE<\/a><\/strong> es operado por especialistas en empleabilidad de <strong><a href=\"https:\/\/www.trabajando.cl\/\" target=\"_blank\" rel=\"noreferrer noopener\">Trabajando.com<\/a><\/strong>, quienes te ayudar\u00e1n a enfocar y mejorar tu b\u00fasqueda de trabajo de manera 100% gratuita.<\/p>\n\n\n\n<div style=\"height:10px\" aria-hidden=\"true\" class=\"wp-block-spacer\"><\/div>\n\n\n\n<p>Resuelve tus dudas en temas como:<\/p>\n\n\n\n<ul>\n<li>Curr\u00edculum Vitae<\/li>\n\n\n\n<li>Entrevista Laboral<\/li>\n\n\n\n<li>Redes de contacto<\/li>\n\n\n\n<li>C\u00f3mo planificar proyecciones laborales<\/li>\n\n\n\n<li>C\u00f3mo hacer una b\u00fasqueda efectiva<\/li>\n\n\n\n<li>y m\u00e1s<\/li>\n<\/ul>\n\n\n\n<div style=\"height:15px\" aria-hidden=\"true\" class=\"wp-block-spacer\"><\/div>\n\n\n\n<div class=\"wp-block-buttons is-content-justification-center is-layout-flex wp-container-4\">\n<div class=\"wp-block-button is-style-fill\"><a class=\"wp-block-button__link has-white-color has-text-color has-background wp-element-button\" href=\"https:\/\/sence.gob.cl\/personas\/orientacion-laboral\/?utm_source=Blog&amp;utm_medium=Social&amp;utm_campaign=Boton-mejoratuempleabilidad\" style=\"background-color:#0077c8\" target=\"_blank\" rel=\"noreferrer noopener\"><strong>Quiero mejorar mi b\u00fasqueda de trabajo<\/strong><\/a><\/div>\n<\/div>\n\n\n\n<div style=\"height:30px\" aria-hidden=\"true\" class=\"wp-block-spacer\"><\/div>\n\n\n\n<div class=\"wp-block-columns is-layout-flex wp-container-7\">\n<div class=\"wp-block-column is-layout-flow\"><div class=\"wp-block-image\">\n<figure class=\"aligncenter size-full\"><img decoding=\"async\" loading=\"lazy\" width=\"200\" height=\"267\" src=\"https:\/\/www.trabajando.cl\/blog\/wp-content\/uploads\/2021\/07\/Iconos-blog-1-e1681324842927.png\" alt=\"\" class=\"wp-image-5043\"\/><\/figure><\/div><\/div>\n\n\n\n<div class=\"wp-block-column is-layout-flow\"><div class=\"wp-block-image\">\n<figure class=\"aligncenter size-full is-resized\"><img decoding=\"async\" loading=\"lazy\" src=\"https:\/\/www.trabajando.cl\/blog\/wp-content\/uploads\/2023\/04\/Iconos-blog-e1681323509768.png\" alt=\"\" class=\"wp-image-5042\" width=\"200\" height=\"267\"\/><\/figure><\/div><\/div>\n<\/div>\n\n\n\n<p class=\"has-text-align-left\" style=\"font-size:10px\">* Hasta en 2 meses despu\u00e9s de haber pasado por una asesor\u00edaEn el programa de Orientaci\u00f3n Laboral en l\u00ednea<\/p>\n\n\n\n<div style=\"height:30px\" aria-hidden=\"true\" class=\"wp-block-spacer\"><\/div>\n","protected":false},"excerpt":{"rendered":"<p>Mejora tu b\u00fasqueda de trabajo: Ases\u00f3rate con psic\u00f3logos laborales de forma remota y 100% gratuita con el Servicio de Orientaci\u00f3n en l\u00ednea<\/p>\n","protected":false},"author":10,"featured_media":4933,"comment_status":"closed","ping_status":"closed","sticky":true,"template":"","format":"standard","meta":{"inline_featured_image":false},"categories":[38,36],"tags":[152,42,58,153,59],"yoast_head":"<!-- This site is optimized with the Yoast SEO plugin v20.5 - https:\/\/yoast.com\/wordpress\/plugins\/seo\/ -->\n<title>Conoce el Servicio de Orientaci\u00f3n en l\u00ednea - Trabajando.com<\/title>\n<meta name=\"description\" content=\"Mejora tu b\u00fasqueda de trabajo: Ases\u00f3rate con psic\u00f3logos laborales de forma remota y 100% gratuita con el Servicio de Orientaci\u00f3n en l\u00ednea\" \/>\n<meta name=\"robots\" content=\"index, follow, max-snippet:-1, max-image-preview:large, max-video-preview:-1\" \/>\n<link rel=\"canonical\" href=\"https:\/\/www.trabajando.cl\/blog\/conoce-el-servicio-de-orientacion-en-linea-de-sence\/\" \/>\n<meta property=\"og:locale\" content=\"es_ES\" \/>\n<meta property=\"og:type\" content=\"article\" \/>\n<meta property=\"og:title\" content=\"Conoce el Servicio de Orientaci\u00f3n en l\u00ednea - Trabajando.com\" \/>\n<meta property=\"og:description\" content=\"Mejora tu b\u00fasqueda de trabajo: Ases\u00f3rate con psic\u00f3logos laborales de forma remota y 100% gratuita con el Servicio de Orientaci\u00f3n en l\u00ednea\" \/>\n<meta property=\"og:url\" content=\"https:\/\/www.trabajando.cl\/blog\/conoce-el-servicio-de-orientacion-en-linea-de-sence\/\" \/>\n<meta property=\"og:site_name\" content=\"Blog Trabajando.com\" \/>\n<meta property=\"article:published_time\" content=\"2023-04-11T21:43:24+00:00\" \/>\n<meta property=\"article:modified_time\" content=\"2023-07-31T17:58:38+00:00\" \/>\n<meta property=\"og:image\" content=\"https:\/\/www.trabajando.cl\/blog\/wp-content\/uploads\/2023\/04\/Prueba-portada-nuevo-blog-1200x600-2.png\" \/>\n\t<meta property=\"og:image:width\" content=\"1200\" \/>\n\t<meta property=\"og:image:height\" content=\"600\" \/>\n\t<meta property=\"og:image:type\" content=\"image\/png\" \/>\n<meta name=\"twitter:card\" content=\"summary_large_image\" \/>\n<meta name=\"twitter:label1\" content=\"Escrito por\" \/>\n\t<meta name=\"twitter:data1\" content=\"\" \/>\n\t<meta name=\"twitter:label2\" content=\"Tiempo de lectura\" \/>\n\t<meta name=\"twitter:data2\" content=\"3 minutos\" \/>\n<script type=\"application\/ld+json\" class=\"yoast-schema-graph\">{\"@context\":\"https:\/\/schema.org\",\"@graph\":[{\"@type\":\"WebPage\",\"@id\":\"https:\/\/www.trabajando.cl\/blog\/conoce-el-servicio-de-orientacion-en-linea-de-sence\/\",\"url\":\"https:\/\/www.trabajando.cl\/blog\/conoce-el-servicio-de-orientacion-en-linea-de-sence\/\",\"name\":\"Conoce el Servicio de Orientaci\u00f3n en l\u00ednea - Trabajando.com\",\"isPartOf\":{\"@id\":\"https:\/\/www.trabajando.cl\/blog\/#website\"},\"datePublished\":\"2023-04-11T21:43:24+00:00\",\"dateModified\":\"2023-07-31T17:58:38+00:00\",\"author\":{\"@id\":\"\"},\"description\":\"Mejora tu b\u00fasqueda de trabajo: Ases\u00f3rate con psic\u00f3logos laborales de forma remota y 100% gratuita con el Servicio de Orientaci\u00f3n en l\u00ednea\",\"breadcrumb\":{\"@id\":\"https:\/\/www.trabajando.cl\/blog\/conoce-el-servicio-de-orientacion-en-linea-de-sence\/#breadcrumb\"},\"inLanguage\":\"es\",\"potentialAction\":[{\"@type\":\"ReadAction\",\"target\":[\"https:\/\/www.trabajando.cl\/blog\/conoce-el-servicio-de-orientacion-en-linea-de-sence\/\"]}]},{\"@type\":\"BreadcrumbList\",\"@id\":\"https:\/\/www.trabajando.cl\/blog\/conoce-el-servicio-de-orientacion-en-linea-de-sence\/#breadcrumb\",\"itemListElement\":[{\"@type\":\"ListItem\",\"position\":1,\"name\":\"Home\",\"item\":\"https:\/\/www.trabajando.cl\/blog\/\"},{\"@type\":\"ListItem\",\"position\":2,\"name\":\"Conoce el Servicio de Orientaci\u00f3n en l\u00ednea\"}]},{\"@type\":\"WebSite\",\"@id\":\"https:\/\/www.trabajando.cl\/blog\/#website\",\"url\":\"https:\/\/www.trabajando.cl\/blog\/\",\"name\":\"Blog Trabajando.com\",\"description\":\"Noticias, tips y consejos de trabajo en Chile. Informaci\u00f3n y \u00faltimas tendencias sobre el mercado laboral.\",\"potentialAction\":[{\"@type\":\"SearchAction\",\"target\":{\"@type\":\"EntryPoint\",\"urlTemplate\":\"https:\/\/www.trabajando.cl\/blog\/?s={search_term_string}\"},\"query-input\":\"required name=search_term_string\"}],\"inLanguage\":\"es\"},{\"@type\":\"Person\",\"@id\":\"\",\"url\":\"https:\/\/www.trabajando.cl\/blog\/author\/\"}]}<\/script>\n<!-- \/ Yoast SEO plugin. -->","yoast_head_json":{"title":"Conoce el Servicio de Orientaci\u00f3n en l\u00ednea - Trabajando.com","description":"Mejora tu b\u00fasqueda de trabajo: Ases\u00f3rate con psic\u00f3logos laborales de forma remota y 100% gratuita con el Servicio de Orientaci\u00f3n en l\u00ednea","robots":{"index":"index","follow":"follow","max-snippet":"max-snippet:-1","max-image-preview":"max-image-preview:large","max-video-preview":"max-video-preview:-1"},"canonical":"https:\/\/www.trabajando.cl\/blog\/conoce-el-servicio-de-orientacion-en-linea-de-sence\/","og_locale":"es_ES","og_type":"article","og_title":"Conoce el Servicio de Orientaci\u00f3n en l\u00ednea - Trabajando.com","og_description":"Mejora tu b\u00fasqueda de trabajo: Ases\u00f3rate con psic\u00f3logos laborales de forma remota y 100% gratuita con el Servicio de Orientaci\u00f3n en l\u00ednea","og_url":"https:\/\/www.trabajando.cl\/blog\/conoce-el-servicio-de-orientacion-en-linea-de-sence\/","og_site_name":"Blog Trabajando.com","article_published_time":"2023-04-11T21:43:24+00:00","article_modified_time":"2023-07-31T17:58:38+00:00","og_image":[{"width":1200,"height":600,"url":"https:\/\/www.trabajando.cl\/blog\/wp-content\/uploads\/2023\/04\/Prueba-portada-nuevo-blog-1200x600-2.png","type":"image\/png"}],"twitter_card":"summary_large_image","twitter_misc":{"Escrito por":"","Tiempo de lectura":"3 minutos"},"schema":{"@context":"https:\/\/schema.org","@graph":[{"@type":"WebPage","@id":"https:\/\/www.trabajando.cl\/blog\/conoce-el-servicio-de-orientacion-en-linea-de-sence\/","url":"https:\/\/www.trabajando.cl\/blog\/conoce-el-servicio-de-orientacion-en-linea-de-sence\/","name":"Conoce el Servicio de Orientaci\u00f3n en l\u00ednea - Trabajando.com","isPartOf":{"@id":"https:\/\/www.trabajando.cl\/blog\/#website"},"datePublished":"2023-04-11T21:43:24+00:00","dateModified":"2023-07-31T17:58:38+00:00","author":{"@id":""},"description":"Mejora tu b\u00fasqueda de trabajo: Ases\u00f3rate con psic\u00f3logos laborales de forma remota y 100% gratuita con el Servicio de Orientaci\u00f3n en l\u00ednea","breadcrumb":{"@id":"https:\/\/www.trabajando.cl\/blog\/conoce-el-servicio-de-orientacion-en-linea-de-sence\/#breadcrumb"},"inLanguage":"es","potentialAction":[{"@type":"ReadAction","target":["https:\/\/www.trabajando.cl\/blog\/conoce-el-servicio-de-orientacion-en-linea-de-sence\/"]}]},{"@type":"BreadcrumbList","@id":"https:\/\/www.trabajando.cl\/blog\/conoce-el-servicio-de-orientacion-en-linea-de-sence\/#breadcrumb","itemListElement":[{"@type":"ListItem","position":1,"name":"Home","item":"https:\/\/www.trabajando.cl\/blog\/"},{"@type":"ListItem","position":2,"name":"Conoce el Servicio de Orientaci\u00f3n en l\u00ednea"}]},{"@type":"WebSite","@id":"https:\/\/www.trabajando.cl\/blog\/#website","url":"https:\/\/www.trabajando.cl\/blog\/","name":"Blog Trabajando.com","description":"Noticias, tips y consejos de trabajo en Chile. Informaci\u00f3n y \u00faltimas tendencias sobre el mercado laboral.","potentialAction":[{"@type":"SearchAction","target":{"@type":"EntryPoint","urlTemplate":"https:\/\/www.trabajando.cl\/blog\/?s={search_term_string}"},"query-input":"required name=search_term_string"}],"inLanguage":"es"},{"@type":"Person","@id":"","url":"https:\/\/www.trabajando.cl\/blog\/author\/"}]}},"_links":{"self":[{"href":"https:\/\/www.trabajando.cl\/blog\/wp-json\/wp\/v2\/posts\/3148"}],"collection":[{"href":"https:\/\/www.trabajando.cl\/blog\/wp-json\/wp\/v2\/posts"}],"about":[{"href":"https:\/\/www.trabajando.cl\/blog\/wp-json\/wp\/v2\/types\/post"}],"author":[{"embeddable":true,"href":"https:\/\/www.trabajando.cl\/blog\/wp-json\/wp\/v2\/users\/10"}],"replies":[{"embeddable":true,"href":"https:\/\/www.trabajando.cl\/blog\/wp-json\/wp\/v2\/comments?post=3148"}],"version-history":[{"count":7,"href":"https:\/\/www.trabajando.cl\/blog\/wp-json\/wp\/v2\/posts\/3148\/revisions"}],"predecessor-version":[{"id":5207,"href":"https:\/\/www.trabajando.cl\/blog\/wp-json\/wp\/v2\/posts\/3148\/revisions\/5207"}],"wp:featuredmedia":[{"embeddable":true,"href":"https:\/\/www.trabajando.cl\/blog\/wp-json\/wp\/v2\/media\/4933"}],"wp:attachment":[{"href":"https:\/\/www.trabajando.cl\/blog\/wp-json\/wp\/v2\/media?parent=3148"}],"wp:term":[{"taxonomy":"category","embeddable":true,"href":"https:\/\/www.trabajando.cl\/blog\/wp-json\/wp\/v2\/categories?post=3148"},{"taxonomy":"post_tag","embeddable":true,"href":"https:\/\/www.trabajando.cl\/blog\/wp-json\/wp\/v2\/tags?post=3148"}],"curies":[{"name":"wp","href":"https:\/\/api.w.org\/{rel}","templated":true}]}}