{"id":3031,"date":"2020-09-16T16:29:20","date_gmt":"2020-09-16T19:29:20","guid":{"rendered":"https:\/\/www.trabajando.cl\/blog\/?p=3031"},"modified":"2023-04-27T19:03:19","modified_gmt":"2023-04-27T22:03:19","slug":"93-de-las-empresas-ocuparia-el-subsidio-al-empleo","status":"publish","type":"post","link":"https:\/\/www.trabajando.cl\/blog\/93-de-las-empresas-ocuparia-el-subsidio-al-empleo\/","title":{"rendered":"93% de las empresas ocupar\u00eda el subsidio al empleo"},"content":{"rendered":"\n<p>Durante las \u00faltimas semanas el gobierno ha comentado sobre un plan de subsidio al empleo que mantiene expectante a las empresas y al sector privado. Y que desde Hacienda han indicado que se dar\u00e1 a conocer durante el mes de septiembre.\u00a0<\/p>\n\n\n\n<p>Por lo que desde Trabajando.com decidimos conocer cu\u00e1les son las expectativas de nuestros clientes respecto a este anuncio y confirmamos que el\u00a0 93% de las empresas ocupar\u00eda el subsidio al empleo. Tanto para hacer retornar a personas con empleos suspendidos, y\/o para contratar a nuevos colaboradores.<\/p>\n\n\n\n<div class=\"wp-block-image\"><figure class=\"aligncenter size-large\"><img decoding=\"async\" loading=\"lazy\" width=\"892\" height=\"747\" src=\"https:\/\/www.trabajando.cl\/blog\/wp-content\/uploads\/2020\/09\/screenshot-es.surveymonkey.com-2020.09.16-16_34_33.png\" alt=\"\" class=\"wp-image-3034\" srcset=\"https:\/\/www.trabajando.cl\/blog\/wp-content\/uploads\/2020\/09\/screenshot-es.surveymonkey.com-2020.09.16-16_34_33.png 892w, https:\/\/www.trabajando.cl\/blog\/wp-content\/uploads\/2020\/09\/screenshot-es.surveymonkey.com-2020.09.16-16_34_33-300x251.png 300w, https:\/\/www.trabajando.cl\/blog\/wp-content\/uploads\/2020\/09\/screenshot-es.surveymonkey.com-2020.09.16-16_34_33-768x643.png 768w\" sizes=\"(max-width: 892px) 100vw, 892px\" \/><\/figure><\/div>\n\n\n\n<p>En cuanto al subsidio m\u00e1s llamativo, la mayor\u00eda indic\u00f3 que optar\u00e1n por las ayudas para el empleo de j\u00f3venes, seguido por quienes lo usar\u00e1n para la contrataci\u00f3n de mujeres y, en tercer lugar, los que prefieren hacer uso del subsidio de inclusi\u00f3n.\u00a0<\/p>\n\n\n\n<h2 class=\"wp-block-heading\">\u00bfQu\u00e9 plazo prefieren las empresas para implementar el <mark>subsidio<\/mark> al <mark>empleo<\/mark>?<\/h2>\n\n\n\n<p>Respecto al plazo en que deber\u00edan estar operativos, un 56% de los encuestados considera que seis meses es el tiempo ideal, mientras que un 37% preferir\u00eda que el plazo fuera mayor a los seis meses. Por su parte, el 7% restante indic\u00f3 que con tres meses ser\u00eda suficiente. &#8220;Con los resultados de esta encuesta que realizamos en Trabajando.com, podemos ver c\u00f3mo el subsidio al empleo se hace necesario y relevante, tanto para las empresas como para los trabajadores, con el objeto de devolver el dinamismo al mercado laboral chileno&#8221;, se\u00f1ala nuestro gerente general, Ram\u00f3n Rodr\u00edguez.<\/p>\n\n\n\n<p>Adem\u00e1s agreg\u00f3 que &#8220;tambi\u00e9n creemos fundamental que este subsidio se enfoque principalmente en las mujeres, ya que las cifras que manejamos demuestran que son ellas las que m\u00e1s se han visto afectadas con esta pandemia. De hecho, el ingreso de nuevas postulantes es de 48%, versus hombres que es solo de 21%, y seg\u00fan los datos de la consultora McKinsey, el 54% de los puestos de trabajo perdidos en el mundo han sido femeninos&#8221;<\/p>\n\n\n\n<h2 class=\"wp-block-heading\"><strong>\u00bfY qu\u00e9 opinan los trabajadores?<\/strong><\/h2>\n\n\n\n<p>De las m\u00e1s de 2.500 personas encuestadas un 84% usar\u00eda el subsidio al empleo para solicitarle a un reclutador que lo integre laboralmente a una empresa, siendo los subsidios de empleo joven y mujer los m\u00e1s solicitados, seguido por un 36% que optar\u00eda al subsidio de inclusi\u00f3n.&nbsp;<\/p>\n\n\n\n<figure class=\"wp-block-image size-large\"><img decoding=\"async\" loading=\"lazy\" width=\"871\" height=\"537\" src=\"https:\/\/www.trabajando.cl\/blog\/wp-content\/uploads\/2020\/09\/screenshot-es.surveymonkey.com-2020.09.16-16_49_28.png\" alt=\"\" class=\"wp-image-3036\" srcset=\"https:\/\/www.trabajando.cl\/blog\/wp-content\/uploads\/2020\/09\/screenshot-es.surveymonkey.com-2020.09.16-16_49_28.png 871w, https:\/\/www.trabajando.cl\/blog\/wp-content\/uploads\/2020\/09\/screenshot-es.surveymonkey.com-2020.09.16-16_49_28-300x185.png 300w, https:\/\/www.trabajando.cl\/blog\/wp-content\/uploads\/2020\/09\/screenshot-es.surveymonkey.com-2020.09.16-16_49_28-768x473.png 768w\" sizes=\"(max-width: 871px) 100vw, 871px\" \/><\/figure>\n\n\n\n<p>En cuanto al tiempo para optar a esta ayuda un 50,60% considera que es suficiente un plazo de 6 meses, mientras que la otra mitad, el 49,40% indic\u00f3 que no lo es.&nbsp;<\/p>\n","protected":false},"excerpt":{"rendered":"<p>Durante las \u00faltimas semanas el gobierno ha comentado sobre un plan de subsidio al empleo que mantiene expectante a las empresas y al sector privado. Y que desde Hacienda han indicado que se dar\u00e1 a conocer durante el mes de septiembre.\u00a0 Por lo que desde Trabajando.com decidimos conocer cu\u00e1les son las expectativas de nuestros clientes [&hellip;]<\/p>\n","protected":false},"author":10,"featured_media":3456,"comment_status":"closed","ping_status":"open","sticky":false,"template":"","format":"standard","meta":{"inline_featured_image":false},"categories":[10,2,37],"tags":[71,11,119],"yoast_head":"<!-- This site is optimized with the Yoast SEO plugin v20.5 - https:\/\/yoast.com\/wordpress\/plugins\/seo\/ -->\n<title>93% de las empresas ocupar\u00eda el subsidio al empleo - Trabajando.com<\/title>\n<meta name=\"description\" content=\"En Trabajando.com consultamos a nuestros clientes y confirmamos que el 93% de las empresas ocupar\u00eda el subsidio al empleo.\" \/>\n<meta name=\"robots\" content=\"index, follow, max-snippet:-1, max-image-preview:large, max-video-preview:-1\" \/>\n<link rel=\"canonical\" href=\"https:\/\/www.trabajando.cl\/blog\/93-de-las-empresas-ocuparia-el-subsidio-al-empleo\/\" \/>\n<meta property=\"og:locale\" content=\"es_ES\" \/>\n<meta property=\"og:type\" content=\"article\" \/>\n<meta property=\"og:title\" content=\"93% de las empresas ocupar\u00eda el subsidio al empleo - Trabajando.com\" \/>\n<meta property=\"og:description\" content=\"En Trabajando.com consultamos a nuestros clientes y confirmamos que el 93% de las empresas ocupar\u00eda el subsidio al empleo.\" \/>\n<meta property=\"og:url\" content=\"https:\/\/www.trabajando.cl\/blog\/93-de-las-empresas-ocuparia-el-subsidio-al-empleo\/\" \/>\n<meta property=\"og:site_name\" content=\"Blog Trabajando.com\" \/>\n<meta property=\"article:published_time\" content=\"2020-09-16T19:29:20+00:00\" \/>\n<meta property=\"article:modified_time\" content=\"2023-04-27T22:03:19+00:00\" \/>\n<meta property=\"og:image\" content=\"https:\/\/www.trabajando.cl\/blog\/wp-content\/uploads\/2020\/09\/bono-al-trabajo-de-la-mujer_310906_3_5f3be011a7882-750x410-1.jpg\" \/>\n\t<meta property=\"og:image:width\" content=\"750\" \/>\n\t<meta property=\"og:image:height\" content=\"410\" \/>\n\t<meta property=\"og:image:type\" content=\"image\/jpeg\" \/>\n<meta name=\"twitter:card\" content=\"summary_large_image\" \/>\n<meta name=\"twitter:label1\" content=\"Escrito por\" \/>\n\t<meta name=\"twitter:data1\" content=\"\" \/>\n\t<meta name=\"twitter:label2\" content=\"Tiempo de lectura\" \/>\n\t<meta name=\"twitter:data2\" content=\"2 minutos\" \/>\n<script type=\"application\/ld+json\" class=\"yoast-schema-graph\">{\"@context\":\"https:\/\/schema.org\",\"@graph\":[{\"@type\":\"WebPage\",\"@id\":\"https:\/\/www.trabajando.cl\/blog\/93-de-las-empresas-ocuparia-el-subsidio-al-empleo\/\",\"url\":\"https:\/\/www.trabajando.cl\/blog\/93-de-las-empresas-ocuparia-el-subsidio-al-empleo\/\",\"name\":\"93% de las empresas ocupar\u00eda el subsidio al empleo - Trabajando.com\",\"isPartOf\":{\"@id\":\"https:\/\/www.trabajando.cl\/blog\/#website\"},\"datePublished\":\"2020-09-16T19:29:20+00:00\",\"dateModified\":\"2023-04-27T22:03:19+00:00\",\"author\":{\"@id\":\"\"},\"description\":\"En Trabajando.com consultamos a nuestros clientes y confirmamos que el 93% de las empresas ocupar\u00eda el subsidio al empleo.\",\"breadcrumb\":{\"@id\":\"https:\/\/www.trabajando.cl\/blog\/93-de-las-empresas-ocuparia-el-subsidio-al-empleo\/#breadcrumb\"},\"inLanguage\":\"es\",\"potentialAction\":[{\"@type\":\"ReadAction\",\"target\":[\"https:\/\/www.trabajando.cl\/blog\/93-de-las-empresas-ocuparia-el-subsidio-al-empleo\/\"]}]},{\"@type\":\"BreadcrumbList\",\"@id\":\"https:\/\/www.trabajando.cl\/blog\/93-de-las-empresas-ocuparia-el-subsidio-al-empleo\/#breadcrumb\",\"itemListElement\":[{\"@type\":\"ListItem\",\"position\":1,\"name\":\"Home\",\"item\":\"https:\/\/www.trabajando.cl\/blog\/\"},{\"@type\":\"ListItem\",\"position\":2,\"name\":\"93% de las empresas ocupar\u00eda el subsidio al empleo\"}]},{\"@type\":\"WebSite\",\"@id\":\"https:\/\/www.trabajando.cl\/blog\/#website\",\"url\":\"https:\/\/www.trabajando.cl\/blog\/\",\"name\":\"Blog Trabajando.com\",\"description\":\"Noticias, tips y consejos de trabajo en Chile. Informaci\u00f3n y \u00faltimas tendencias sobre el mercado laboral.\",\"potentialAction\":[{\"@type\":\"SearchAction\",\"target\":{\"@type\":\"EntryPoint\",\"urlTemplate\":\"https:\/\/www.trabajando.cl\/blog\/?s={search_term_string}\"},\"query-input\":\"required name=search_term_string\"}],\"inLanguage\":\"es\"},{\"@type\":\"Person\",\"@id\":\"\",\"url\":\"https:\/\/www.trabajando.cl\/blog\/author\/\"}]}<\/script>\n<!-- \/ Yoast SEO plugin. -->","yoast_head_json":{"title":"93% de las empresas ocupar\u00eda el subsidio al empleo - Trabajando.com","description":"En Trabajando.com consultamos a nuestros clientes y confirmamos que el 93% de las empresas ocupar\u00eda el subsidio al empleo.","robots":{"index":"index","follow":"follow","max-snippet":"max-snippet:-1","max-image-preview":"max-image-preview:large","max-video-preview":"max-video-preview:-1"},"canonical":"https:\/\/www.trabajando.cl\/blog\/93-de-las-empresas-ocuparia-el-subsidio-al-empleo\/","og_locale":"es_ES","og_type":"article","og_title":"93% de las empresas ocupar\u00eda el subsidio al empleo - Trabajando.com","og_description":"En Trabajando.com consultamos a nuestros clientes y confirmamos que el 93% de las empresas ocupar\u00eda el subsidio al empleo.","og_url":"https:\/\/www.trabajando.cl\/blog\/93-de-las-empresas-ocuparia-el-subsidio-al-empleo\/","og_site_name":"Blog Trabajando.com","article_published_time":"2020-09-16T19:29:20+00:00","article_modified_time":"2023-04-27T22:03:19+00:00","og_image":[{"width":750,"height":410,"url":"https:\/\/www.trabajando.cl\/blog\/wp-content\/uploads\/2020\/09\/bono-al-trabajo-de-la-mujer_310906_3_5f3be011a7882-750x410-1.jpg","type":"image\/jpeg"}],"twitter_card":"summary_large_image","twitter_misc":{"Escrito por":"","Tiempo de lectura":"2 minutos"},"schema":{"@context":"https:\/\/schema.org","@graph":[{"@type":"WebPage","@id":"https:\/\/www.trabajando.cl\/blog\/93-de-las-empresas-ocuparia-el-subsidio-al-empleo\/","url":"https:\/\/www.trabajando.cl\/blog\/93-de-las-empresas-ocuparia-el-subsidio-al-empleo\/","name":"93% de las empresas ocupar\u00eda el subsidio al empleo - Trabajando.com","isPartOf":{"@id":"https:\/\/www.trabajando.cl\/blog\/#website"},"datePublished":"2020-09-16T19:29:20+00:00","dateModified":"2023-04-27T22:03:19+00:00","author":{"@id":""},"description":"En Trabajando.com consultamos a nuestros clientes y confirmamos que el 93% de las empresas ocupar\u00eda el subsidio al empleo.","breadcrumb":{"@id":"https:\/\/www.trabajando.cl\/blog\/93-de-las-empresas-ocuparia-el-subsidio-al-empleo\/#breadcrumb"},"inLanguage":"es","potentialAction":[{"@type":"ReadAction","target":["https:\/\/www.trabajando.cl\/blog\/93-de-las-empresas-ocuparia-el-subsidio-al-empleo\/"]}]},{"@type":"BreadcrumbList","@id":"https:\/\/www.trabajando.cl\/blog\/93-de-las-empresas-ocuparia-el-subsidio-al-empleo\/#breadcrumb","itemListElement":[{"@type":"ListItem","position":1,"name":"Home","item":"https:\/\/www.trabajando.cl\/blog\/"},{"@type":"ListItem","position":2,"name":"93% de las empresas ocupar\u00eda el subsidio al empleo"}]},{"@type":"WebSite","@id":"https:\/\/www.trabajando.cl\/blog\/#website","url":"https:\/\/www.trabajando.cl\/blog\/","name":"Blog Trabajando.com","description":"Noticias, tips y consejos de trabajo en Chile. Informaci\u00f3n y \u00faltimas tendencias sobre el mercado laboral.","potentialAction":[{"@type":"SearchAction","target":{"@type":"EntryPoint","urlTemplate":"https:\/\/www.trabajando.cl\/blog\/?s={search_term_string}"},"query-input":"required name=search_term_string"}],"inLanguage":"es"},{"@type":"Person","@id":"","url":"https:\/\/www.trabajando.cl\/blog\/author\/"}]}},"_links":{"self":[{"href":"https:\/\/www.trabajando.cl\/blog\/wp-json\/wp\/v2\/posts\/3031"}],"collection":[{"href":"https:\/\/www.trabajando.cl\/blog\/wp-json\/wp\/v2\/posts"}],"about":[{"href":"https:\/\/www.trabajando.cl\/blog\/wp-json\/wp\/v2\/types\/post"}],"author":[{"embeddable":true,"href":"https:\/\/www.trabajando.cl\/blog\/wp-json\/wp\/v2\/users\/10"}],"replies":[{"embeddable":true,"href":"https:\/\/www.trabajando.cl\/blog\/wp-json\/wp\/v2\/comments?post=3031"}],"version-history":[{"count":2,"href":"https:\/\/www.trabajando.cl\/blog\/wp-json\/wp\/v2\/posts\/3031\/revisions"}],"predecessor-version":[{"id":4030,"href":"https:\/\/www.trabajando.cl\/blog\/wp-json\/wp\/v2\/posts\/3031\/revisions\/4030"}],"wp:featuredmedia":[{"embeddable":true,"href":"https:\/\/www.trabajando.cl\/blog\/wp-json\/wp\/v2\/media\/3456"}],"wp:attachment":[{"href":"https:\/\/www.trabajando.cl\/blog\/wp-json\/wp\/v2\/media?parent=3031"}],"wp:term":[{"taxonomy":"category","embeddable":true,"href":"https:\/\/www.trabajando.cl\/blog\/wp-json\/wp\/v2\/categories?post=3031"},{"taxonomy":"post_tag","embeddable":true,"href":"https:\/\/www.trabajando.cl\/blog\/wp-json\/wp\/v2\/tags?post=3031"}],"curies":[{"name":"wp","href":"https:\/\/api.w.org\/{rel}","templated":true}]}}